{"id":982645,"date":"2022-06-21T08:45:10","date_gmt":"2022-06-21T07:45:10","guid":{"rendered":"https:\/\/serra.immo\/?p=982645"},"modified":"2024-08-23T11:23:05","modified_gmt":"2024-08-23T09:23:05","slug":"fegp-awards-2022","status":"publish","type":"post","link":"https:\/\/www.serra.immo\/en\/premios-fegp-2022\/","title":{"rendered":"FEGP 2022 Awards at \u201cLa Nit de l&#039;Empresa 2022\u201d"},"content":{"rendered":"<p>Last Thursday, June 16, the celebration took place <a href=\"https:\/\/fegp.cat\/un-any-mes-la-federacio-empresarial-del-gran-penedes-fegp-celebra-la-seva-nit-de-lempresa-i-reuneix-mes-de-350-empresaris-i-institucions-del-territori\/\" target=\"_blank\" rel=\"noopener\"><strong>Company Night<\/strong> and the <strong>Awards Gala <span class=\"hiddenSpellError\">FEGP<\/span> 2022<\/strong><\/a> in the cellar <span class=\"hiddenSpellError\">Juve&amp;Camps<\/span> in <span class=\"hiddenSpellError\">St<\/span>. <span class=\"hiddenSpellError\">Sadurni<\/span> of Anoia, where almost 400 businessmen and women from the area gathered, among whom there were also important political and business authorities of the country: the Honorable Minister of Business and Employment of the government of the Generalitat of <span class=\"hiddenSpellError\">Catalonia<\/span><span class=\"hiddenGrammarError\"> ,<\/span> Roger Torrent and the President of <span class=\"hiddenSpellError\">Foment<\/span> of the <span class=\"hiddenSpellError\">Work<\/span>, <span class=\"hiddenSpellError\">Josep<\/span> <span class=\"hiddenSpellError\">Sanchez<\/span> <span class=\"hiddenSpellError\">Book<\/span>, among others.<\/p>\n<p>The event was hosted by comedian <span class=\"hiddenSpellError\">Guillem<\/span> <span class=\"hiddenSpellError\">Estadella<\/span>, who made the guests laugh all night long.<\/p>\n<h2>Awards <span class=\"hiddenSpellError\">FEGP<\/span> 2022<\/h2>\n<p>Due to our vocation for service, which all our business lines require, we have the non-negotiable need to keep our team in continuous training, both in current legislation, knowledge of our CRM, and in IT tools to manage the large volume of data we process.<\/p>\n<p>For this reason, last year 2021 we made a commitment to train the entire company through organized courses. Without the willingness and motivation of our team to renew themselves and improve their knowledge, the implementation of these courses would not have been possible.<\/p>\n<p>A total of 12 different courses were held, which allowed 32 people (82% in total) to improve their knowledge of Excel, personal and professional organization, acquiring an innovative vision, how to improve their personal attitude, working with colleagues, or how to improve their business skills, among other topics.<\/p>\n<p>One of our values is to believe that increasing the team&#039;s knowledge is what really makes the company grow, and thanks to this attitude towards training this year the<strong> Prize <span class=\"hiddenSpellError\">FEGP<\/span> 2022 to the Formation<\/strong> has been for us: <a href=\"https:\/\/www.serra.immo\/en\/\" target=\"_blank\" rel=\"noopener\"><strong>Serra<\/strong><\/a>.<\/p>\n\n\n<p><\/p>","protected":false},"excerpt":{"rendered":"<p>El pasado jueves 16 de junio se celebr\u00f3 La Noche de la Empresa y la Gala de Premios FEGP 2022 en la bodega Juv\u00e9&amp;Camps en St. Sadurn\u00ed de Anoia, en el que se concentraron casi 400 empresarios y empresarias de la zona, entre los que tambi\u00e9n hab\u00eda importantes autoridades pol\u00edticas y empresariales del pa\u00eds: el [&hellip;]<\/p>\n","protected":false},"author":3,"featured_media":1191318,"comment_status":"closed","ping_status":"closed","sticky":false,"template":"","format":"standard","meta":{"footnotes":""},"categories":[283],"tags":[],"class_list":["post-982645","post","type-post","status-publish","format-standard","has-post-thumbnail","hentry","category-blog-serra"],"_links":{"self":[{"href":"https:\/\/www.serra.immo\/en\/wp-json\/wp\/v2\/posts\/982645","targetHints":{"allow":["GET"]}}],"collection":[{"href":"https:\/\/www.serra.immo\/en\/wp-json\/wp\/v2\/posts"}],"about":[{"href":"https:\/\/www.serra.immo\/en\/wp-json\/wp\/v2\/types\/post"}],"author":[{"embeddable":true,"href":"https:\/\/www.serra.immo\/en\/wp-json\/wp\/v2\/users\/3"}],"replies":[{"embeddable":true,"href":"https:\/\/www.serra.immo\/en\/wp-json\/wp\/v2\/comments?post=982645"}],"version-history":[{"count":2,"href":"https:\/\/www.serra.immo\/en\/wp-json\/wp\/v2\/posts\/982645\/revisions"}],"predecessor-version":[{"id":1191319,"href":"https:\/\/www.serra.immo\/en\/wp-json\/wp\/v2\/posts\/982645\/revisions\/1191319"}],"wp:featuredmedia":[{"embeddable":true,"href":"https:\/\/www.serra.immo\/en\/wp-json\/wp\/v2\/media\/1191318"}],"wp:attachment":[{"href":"https:\/\/www.serra.immo\/en\/wp-json\/wp\/v2\/media?parent=982645"}],"wp:term":[{"taxonomy":"category","embeddable":true,"href":"https:\/\/www.serra.immo\/en\/wp-json\/wp\/v2\/categories?post=982645"},{"taxonomy":"post_tag","embeddable":true,"href":"https:\/\/www.serra.immo\/en\/wp-json\/wp\/v2\/tags?post=982645"}],"curies":[{"name":"wp","href":"https:\/\/api.w.org\/{rel}","templated":true}]}}