{"id":965088,"date":"2022-02-10T11:29:28","date_gmt":"2022-02-10T10:29:28","guid":{"rendered":"https:\/\/serra.immo\/?p=965088"},"modified":"2024-08-23T11:31:12","modified_gmt":"2024-08-23T09:31:12","slug":"serra-business-federation-of-greater-penedes","status":"publish","type":"post","link":"https:\/\/www.serra.immo\/en\/serra-federacion-empresarial-del-gran-penedes\/","title":{"rendered":"Partnership agreement between the Business Federation of Gran Pened\u00e8s and Serra"},"content":{"rendered":"<p>El pasado martes 8 de febrero de 2022, en las oficinas de la <a href=\"https:\/\/fegp.cat\" target=\"_blank\" rel=\"noopener\">Federaci\u00f3n Empresarial del Gran Pened\u00e8s<\/a> se firm\u00f3 el acuerdo de partenariado con el que queremos emprender acciones de difusi\u00f3n y conocimiento de nuestros servicios como son la gesti\u00f3n de comunidades, compra-venta de inmuebles, gesti\u00f3n de patrimonio y seguros.<\/p>\n<p>Empezamos con mucha ilusi\u00f3n a formar parte de este proyecto, en el que ya hemos tenido la oportunidad de asistir anteriormente. Este a\u00f1o participaremos en todos los actos de la <a href=\"https:\/\/fegp.cat\" target=\"_blank\" rel=\"noopener\">Federaci\u00f3n Empresarial del Gran Pened\u00e8s<\/a> como son la Noche de la empresa o la Cena de mujeres, jornadas cargadas de mucha fuerza y innovaci\u00f3n. Son espacios de representaci\u00f3n femenina en los que se demuestra la profesionalidad y la val\u00eda de un gran n\u00famero de mujeres del territorio.<\/p>\n<p>Los representantes del acto fueron la presidenta de la Federaci\u00f3n Empresarial, Neus Lloveras, y el gerente de <a href=\"http:\/\/serra.immo\" target=\"_blank\" rel=\"noopener\">Serra Grup Immobiliari<\/a>, Xavier Montserrat; los cuales expresaron su satisfacci\u00f3n por el acuerdo:<\/p>\n<p><em>&#8220;Es muy importante que las territoriales como la Federaci\u00f3n Empresarial del Gran Pened\u00e8s tengan espacios para permitir que empresas con una larga trayectoria y l\u00edderes en su sector como Serra Grup Immobiliari, expliquen su labor.&#8221;<\/em> &#8211; Nieves Lloveras<\/p>\n<p><em>&#8220;Creemos en la Federaci\u00f3n Empresarial del Gran Pened\u00e8s, es una puerta para nosotros, ya que coincidimos en tipos de p\u00fablico y \u00e1mbito territorial y queremos ser una referencia dentro de la entidad, de ah\u00ed la apuesta anual que esperamos renovar en los pr\u00f3ximos a\u00f1os.&#8221;<\/em> &#8211; Xavier Montserrat<\/p>\n<p>Nos espera un a\u00f1o por delante, para seguir creciendo, junto a todas las empresas del territorio, y nos hace especial ilusi\u00f3n poder participar activamente en todos los actos promovidos por la entidad.[:ca]<\/p>\n<h2>Acord de partenariat entre la Federaci\u00f3n Empresarial del Gran Pened\u00e8s i Serra Grup Immobiliari<\/h2>\n<p>El passat dimarts 8 de febrer del 2022, a les oficines de la <a href=\"https:\/\/fegp.cat\" target=\"_blank\" rel=\"noopener\">Federaci\u00f3 Empresarial del Gran Pened\u00e8s<\/a> es va signar l&#8217;<strong>acord de partenariat<\/strong> amb el qual volem emprendre accions de difusi\u00f3 i coneixement dels nostres serveis com s\u00f3n la <strong>gesti\u00f3 de comunitats, compra-venda d\u2019immobles, gesti\u00f3 de patrimoni <\/strong>i<strong> assegurances<\/strong>.<\/p>\n<p>Entrem amb molta il\u00b7lusi\u00f3 a formar part d&#8217;aquest projecte, en el qual ja hem tingut l&#8217;oportunitat d\u2019assistir anteriorment. Aquest any participarem en tots els actes de la <a href=\"https:\/\/fegp.cat\" target=\"_blank\" rel=\"noopener\">FEGP<\/a> com s\u00f3n la Nit de l\u2019empresa o el Sopar de dones, jornades carregades de molta for\u00e7a e innovaci\u00f3. S\u00f3n espais de representaci\u00f3 femenina en el que es va demostrar la professionalitat i la valia d&#8217;un gran nombre de dones del territori.<\/p>\n<p>Els representants de l&#8217;acte van ser la presidenta de la Federaci\u00f3 Empresarial, Neus Lloveras, i el gerent de <a href=\"https:\/\/serra.immo\/ca\/\" target=\"_blank\" rel=\"noopener\">Serra Grup Immobiliari<\/a>, Xavier Montserrat; els quals van expressar la seva satisfacci\u00f3 per l\u2019acord:<\/p>\n<p><em>&#8220;\u00c9s molt important que les territorials com la Federaci\u00f3n Empresarial del Gran Pened\u00e8s tinguin espais per permetre que empreses amb una llarga traject\u00f2ria i l\u00edders en el seu sector com Serra Grup Immobiliari, expliquin la seva labor.&#8221;<\/em> &#8211; Neus Lloveras<\/p>\n<p><em>&#8220;Creiem en la FEGP, \u00e9s una porta per nosaltres, ja que coincidim en tipus de p\u00fablic i \u00e0mbit territorial i volem ser una refer\u00e8ncia dins l&#8217;entitat, d&#8217;aqu\u00ed l&#8217;aposta anual que esperem renovar els pr\u00f2xims anys.&#8221;<\/em> &#8211; Xavier Montserrat<\/p>\n<p>Ens espera un any al davant, per continuar creixent, al costat de totes les empreses del territori, i ens fa especial il\u00b7lusi\u00f3 poder participar activament en tots els actes promoguts per l&#8217;entitat.<\/p>\n\n\n<p><\/p>\n","protected":false},"excerpt":{"rendered":"<p>El pasado martes 8 de febrero de 2022, en las oficinas de la Federaci\u00f3n Empresarial del Gran Pened\u00e8s se firm\u00f3 el acuerdo de partenariado con el que queremos emprender acciones de difusi\u00f3n y conocimiento de nuestros servicios como son la gesti\u00f3n de comunidades, compra-venta de inmuebles, gesti\u00f3n de patrimonio y seguros. Empezamos con mucha ilusi\u00f3n [&hellip;]<\/p>\n","protected":false},"author":3,"featured_media":1191321,"comment_status":"closed","ping_status":"closed","sticky":false,"template":"","format":"standard","meta":{"footnotes":""},"categories":[283],"tags":[],"class_list":["post-965088","post","type-post","status-publish","format-standard","has-post-thumbnail","hentry","category-blog-serra"],"_links":{"self":[{"href":"https:\/\/www.serra.immo\/en\/wp-json\/wp\/v2\/posts\/965088","targetHints":{"allow":["GET"]}}],"collection":[{"href":"https:\/\/www.serra.immo\/en\/wp-json\/wp\/v2\/posts"}],"about":[{"href":"https:\/\/www.serra.immo\/en\/wp-json\/wp\/v2\/types\/post"}],"author":[{"embeddable":true,"href":"https:\/\/www.serra.immo\/en\/wp-json\/wp\/v2\/users\/3"}],"replies":[{"embeddable":true,"href":"https:\/\/www.serra.immo\/en\/wp-json\/wp\/v2\/comments?post=965088"}],"version-history":[{"count":4,"href":"https:\/\/www.serra.immo\/en\/wp-json\/wp\/v2\/posts\/965088\/revisions"}],"predecessor-version":[{"id":1191324,"href":"https:\/\/www.serra.immo\/en\/wp-json\/wp\/v2\/posts\/965088\/revisions\/1191324"}],"wp:featuredmedia":[{"embeddable":true,"href":"https:\/\/www.serra.immo\/en\/wp-json\/wp\/v2\/media\/1191321"}],"wp:attachment":[{"href":"https:\/\/www.serra.immo\/en\/wp-json\/wp\/v2\/media?parent=965088"}],"wp:term":[{"taxonomy":"category","embeddable":true,"href":"https:\/\/www.serra.immo\/en\/wp-json\/wp\/v2\/categories?post=965088"},{"taxonomy":"post_tag","embeddable":true,"href":"https:\/\/www.serra.immo\/en\/wp-json\/wp\/v2\/tags?post=965088"}],"curies":[{"name":"wp","href":"https:\/\/api.w.org\/{rel}","templated":true}]}}