{"id":921705,"date":"2021-02-11T13:28:43","date_gmt":"2021-02-11T12:28:43","guid":{"rendered":"https:\/\/serra.immo\/?p=921705"},"modified":"2021-02-11T13:28:43","modified_gmt":"2021-02-11T12:28:43","slug":"carnival-vilanova-i-la-geltru-2021-program","status":"publish","type":"post","link":"https:\/\/www.serra.immo\/en\/carnaval-vilanova-i-la-geltru-2021-programa\/","title":{"rendered":"What will the Vilanova i la Geltr\u00fa Carnival 2021 be like: virtual activities, contests and much more"},"content":{"rendered":"<p>[:es]Hoy, Jueves Lardero, se dar\u00eda el pistoletazo de salida a las fiestas del Carnaval de Vilanova i la Geltr\u00fa con la Merengada y la tradicional Xatonada. Casi una semana de fiesta y alegr\u00eda por las calles, marcada por los disfraces y la s\u00e1tira. Pero, desgraciadamente, a causa de la pandemia <strong>este a\u00f1o no podremos disfrutar de esta esperada celebraci\u00f3n con m\u00e1s de 250 a\u00f1os de historia<\/strong>.<\/p>\n<p>Bueno, al menos no tanto como nos hubiera gustado. Si bien desde la Merengada (jueves 11) hasta el Entierro de la Sardina (mi\u00e9rcoles 17), las calles de nuestra ciudad se llenaban de vida entre desfiles, pasacalles, conciertos y comparsas&#8230; \u00a1ahora lo har\u00e1n nuestras casas! <strong>El Ayuntamiento ha organizado una serie de actos online para no perder la ilusi\u00f3n<\/strong>, a pesar de las dif\u00edciles circunstancias que nos rodean.<\/p>\n<h2>Descarga el programa del Carnaval de Vilanova para participar<\/h2>\n<p>Tambi\u00e9n <strong>han editado una revista que recoge lo mejor de la historia del Carnaval de Vilanova<\/strong> y que se repartir\u00e1 por todos los buzones del municipio. Adem\u00e1s, podremos seguir una semana de programaci\u00f3n especial en el Canal Blau dedicada a esta festividad y participar en actividades virtuales con toda la familia.<\/p>\n<p><a href=\"https:\/\/carnavaldevilanova.cat\/wp-content\/uploads\/2021\/02\/CarnavalSenseEsforc.pdf\" target=\"_blank\" rel=\"noopener noreferrer\">Descarga aqu\u00ed el programa en pdf para descubrirlas<\/a><\/p>\n<p>Aunque sea dif\u00edcil, tenemos que trabajar para adaptarnos y no perder las tradiciones que forman nuestra identidad colectiva. Por ello, <strong>desde Serra, queremos hacer un llamamiento a mantener las redes sociales bien activas estos d\u00edas y \u00a1adornar los balcones como nunca!<\/strong> \u00bfPor qu\u00e9 no empezamos por celebrar nuestra propia xatonada? Vigilad, que no hay xatonada que no acabe con persecuciones alrededor de la mesa&#8230;<\/p>\n<blockquote class=\"instagram-media\" style=\"background: #FFF; border: 0; border-radius: 3px; box-shadow: 0 0 1px 0 rgba(0,0,0,0.5),0 1px 10px 0 rgba(0,0,0,0.15); margin: 1px; max-width: 540px; min-width: 326px; padding: 0; width: calc(100% - 2px);\" data-instgrm-permalink=\"https:\/\/www.instagram.com\/tv\/CLJWcjwi6Ko\/?utm_source=ig_embed&amp;utm_campaign=loading\" data-instgrm-version=\"13\">\n<div style=\"padding: 16px;\">\n<p>&nbsp;<\/p>\n<div style=\"display: flex; flex-direction: row; align-items: center;\">\n<div style=\"background-color: #f4f4f4; border-radius: 50%; flex-grow: 0; height: 40px; margin-right: 14px; width: 40px;\"><\/div>\n<div style=\"display: flex; flex-direction: column; flex-grow: 1; justify-content: center;\">\n<div style=\"background-color: #f4f4f4; border-radius: 4px; flex-grow: 0; height: 14px; margin-bottom: 6px; width: 100px;\"><\/div>\n<div style=\"background-color: #f4f4f4; border-radius: 4px; flex-grow: 0; height: 14px; width: 60px;\"><\/div>\n<\/div>\n<\/div>\n<div style=\"padding: 19% 0;\"><\/div>\n<div style=\"display: block; height: 50px; margin: 0 auto 12px; width: 50px;\"><\/div>\n<div style=\"padding-top: 8px;\">\n<div style=\"color: #3897f0; font-family: Arial,sans-serif; font-size: 14px; font-style: normal; font-weight: 550; line-height: 18px;\">Ver esta publicaci\u00f3n en Instagram<\/div>\n<\/div>\n<div style=\"padding: 12.5% 0;\"><\/div>\n<div style=\"display: flex; flex-direction: row; margin-bottom: 14px; align-items: center;\">\n<div>\n<div style=\"background-color: #f4f4f4; border-radius: 50%; height: 12.5px; width: 12.5px; transform: translateX(0px) translateY(7px);\"><\/div>\n<div style=\"background-color: #f4f4f4; height: 12.5px; transform: rotate(-45deg) translateX(3px) translateY(1px); width: 12.5px; flex-grow: 0; margin-right: 14px; margin-left: 2px;\"><\/div>\n<div style=\"background-color: #f4f4f4; border-radius: 50%; height: 12.5px; width: 12.5px; transform: translateX(9px) translateY(-18px);\"><\/div>\n<\/div>\n<div style=\"margin-left: 8px;\">\n<div style=\"background-color: #f4f4f4; border-radius: 50%; flex-grow: 0; height: 20px; width: 20px;\"><\/div>\n<div style=\"width: 0; height: 0; border-top: 2px solid transparent; border-left: 6px solid #f4f4f4; border-bottom: 2px solid transparent; transform: translateX(16px) translateY(-4px) rotate(30deg);\"><\/div>\n<\/div>\n<div style=\"margin-left: auto;\">\n<div style=\"width: 0px; border-top: 8px solid #F4F4F4; border-right: 8px solid transparent; transform: translateY(16px);\"><\/div>\n<div style=\"background-color: #f4f4f4; flex-grow: 0; height: 12px; width: 16px; transform: translateY(-4px);\"><\/div>\n<div style=\"width: 0; height: 0; border-top: 8px solid #F4F4F4; border-left: 8px solid transparent; transform: translateY(-4px) translateX(8px);\"><\/div>\n<\/div>\n<\/div>\n<div style=\"display: flex; flex-direction: column; flex-grow: 1; justify-content: center; margin-bottom: 24px;\">\n<div style=\"background-color: #f4f4f4; border-radius: 4px; flex-grow: 0; height: 14px; margin-bottom: 6px; width: 224px;\"><\/div>\n<div style=\"background-color: #f4f4f4; border-radius: 4px; flex-grow: 0; height: 14px; width: 144px;\"><\/div>\n<\/div>\n<p>&nbsp;<\/p>\n<p style=\"color: #c9c8cd; font-family: Arial,sans-serif; font-size: 14px; line-height: 17px; margin-bottom: 0; margin-top: 8px; overflow: hidden; padding: 8px 0 7px; text-align: center; text-overflow: ellipsis; white-space: nowrap;\"><a style=\"color: #c9c8cd; font-family: Arial,sans-serif; font-size: 14px; font-style: normal; font-weight: normal; line-height: 17px; text-decoration: none;\" href=\"https:\/\/www.instagram.com\/tv\/CLJWcjwi6Ko\/?utm_source=ig_embed&amp;utm_campaign=loading\" target=\"_blank\" rel=\"noopener noreferrer\">Una publicaci\u00f3n compartida de Vilanova i la Geltru\u0301 (@ajuntamentvng)<\/a><\/p>\n<\/div>\n<\/blockquote>\n<p><script async src=\"\/\/www.instagram.com\/embed.js\"><\/script><\/p>\n<p>Somos conscientes de que vamos a vivir un Carnaval de Vilanova i la Geltr\u00fa muy diferente. Pero, conseguir hacerlo \u00fanico, est\u00e1 en nuestras manos. \u00bfTe animas a participar? Hag\u00e1moslo seguro, hag\u00e1moslo con cabeza.<\/p>\n<p>Y, recuerda, como la festividad de Sant Antoni (17 de enero) cay\u00f3 en domingo, este pr\u00f3ximo<strong> lunes 15 de febrero ser\u00e1 festivo en Vilanova i la Geltr\u00fa<\/strong>. Ahora s\u00ed, \u00a1salud y fiesta para todos!<\/p>\n<p><em>Imagen destacada: Mural del Carnaval de Vilanova en la oficina central de Serra Grup Immobiliari<\/em>[:ca]Avui, Dijous Gras, es donaria el tret de sortida a les festes del Carnaval de Vilanova i la Geltr\u00fa amb la Merengada i la tradicional Xatonada. Gaireb\u00e9 una setmana de festa i disbauxa pels carrers, marcada per les disfresses i la s\u00e0tira. Per\u00f2, malauradament, <strong>a causa de la pand\u00e8mia enguany no podrem gaudir d&#8217;aquesta esperada celebraci\u00f3 amb m\u00e9s de 250 anys d&#8217;hist\u00f2ria<\/strong>.<\/p>\n<p>B\u00e9, almenys no tant com ens hauria agradat. Si b\u00e9 des de la Merengada (dijous 11) fins a l&#8217;Enterrament de la Sardina (dimecres 17), els carrers de la nostra vila s&#8217;omplien de vida entre desfilades, cercaviles, concerts i comparses&#8230; ara ho faran les nostres cases! <strong>L&#8217;Ajuntament ha organitzat un seguit d&#8217;actes online per a no perdre la il\u00b7lusi\u00f3<\/strong>, tot i les dif\u00edcils circumst\u00e0ncies que ens envolten.<\/p>\n<h2>Descarrega el programa del Carnaval de Vilanova per participar<\/h2>\n<p>Tamb\u00e9 <strong>han editat una revista que recull el millor de la hist\u00f2ria del Carnaval de Vilanova<\/strong> que es repartir\u00e0 per totes les b\u00fasties de la vila. A m\u00e9s, podrem seguir una setmana de programaci\u00f3 especial al Canal Blau dedicada a aquesta festivitat i participar en activitats virtuals amb tota la fam\u00edlia!<\/p>\n<p><a href=\"https:\/\/carnavaldevilanova.cat\/wp-content\/uploads\/2021\/02\/CarnavalSenseEsforc.pdf\" target=\"_blank\" rel=\"noopener noreferrer\">Descarrega aqu\u00ed el programa en pdf per descobrir-les<\/a><\/p>\n<p>Encara que sigui dif\u00edcil, hem de treballar per adaptar-nos i no perdre les tradicions que formen la nostra identitat col\u00b7lectiva. Per aix\u00f2, <strong>des de Serra, volem fer una crida a mantenir les xarxes socials ben actives aquests dies i guarnir els balcons com mai!<\/strong> Per qu\u00e8 no comencem per celebrar la nostra pr\u00f2pia xatonada? Vigileu, que no hi ha xatonada que no acabi amb persecucions al voltant de la taula&#8230;<\/p>\n<blockquote class=\"instagram-media\" style=\"background: #FFF; border: 0; border-radius: 3px; box-shadow: 0 0 1px 0 rgba(0,0,0,0.5),0 1px 10px 0 rgba(0,0,0,0.15); margin: 1px; max-width: 540px; min-width: 326px; padding: 0; width: calc(100% - 2px);\" data-instgrm-permalink=\"https:\/\/www.instagram.com\/tv\/CLJWcjwi6Ko\/?utm_source=ig_embed&amp;utm_campaign=loading\" data-instgrm-version=\"13\">\n<div style=\"padding: 16px;\">\n<p>&nbsp;<\/p>\n<div style=\"display: flex; flex-direction: row; align-items: center;\">\n<div style=\"background-color: #f4f4f4; border-radius: 50%; flex-grow: 0; height: 40px; margin-right: 14px; width: 40px;\"><\/div>\n<div style=\"display: flex; flex-direction: column; flex-grow: 1; justify-content: center;\">\n<div style=\"background-color: #f4f4f4; border-radius: 4px; flex-grow: 0; height: 14px; margin-bottom: 6px; width: 100px;\"><\/div>\n<div style=\"background-color: #f4f4f4; border-radius: 4px; flex-grow: 0; height: 14px; width: 60px;\"><\/div>\n<\/div>\n<\/div>\n<div style=\"padding: 19% 0;\"><\/div>\n<div style=\"display: block; height: 50px; margin: 0 auto 12px; width: 50px;\"><\/div>\n<div style=\"padding-top: 8px;\">\n<div style=\"color: #3897f0; font-family: Arial,sans-serif; font-size: 14px; font-style: normal; font-weight: 550; line-height: 18px;\">Ver esta publicaci\u00f3n en Instagram<\/div>\n<\/div>\n<div style=\"padding: 12.5% 0;\"><\/div>\n<div style=\"display: flex; flex-direction: row; margin-bottom: 14px; align-items: center;\">\n<div>\n<div style=\"background-color: #f4f4f4; border-radius: 50%; height: 12.5px; width: 12.5px; transform: translateX(0px) translateY(7px);\"><\/div>\n<div style=\"background-color: #f4f4f4; height: 12.5px; transform: rotate(-45deg) translateX(3px) translateY(1px); width: 12.5px; flex-grow: 0; margin-right: 14px; margin-left: 2px;\"><\/div>\n<div style=\"background-color: #f4f4f4; border-radius: 50%; height: 12.5px; width: 12.5px; transform: translateX(9px) translateY(-18px);\"><\/div>\n<\/div>\n<div style=\"margin-left: 8px;\">\n<div style=\"background-color: #f4f4f4; border-radius: 50%; flex-grow: 0; height: 20px; width: 20px;\"><\/div>\n<div style=\"width: 0; height: 0; border-top: 2px solid transparent; border-left: 6px solid #f4f4f4; border-bottom: 2px solid transparent; transform: translateX(16px) translateY(-4px) rotate(30deg);\"><\/div>\n<\/div>\n<div style=\"margin-left: auto;\">\n<div style=\"width: 0px; border-top: 8px solid #F4F4F4; border-right: 8px solid transparent; transform: translateY(16px);\"><\/div>\n<div style=\"background-color: #f4f4f4; flex-grow: 0; height: 12px; width: 16px; transform: translateY(-4px);\"><\/div>\n<div style=\"width: 0; height: 0; border-top: 8px solid #F4F4F4; border-left: 8px solid transparent; transform: translateY(-4px) translateX(8px);\"><\/div>\n<\/div>\n<\/div>\n<div style=\"display: flex; flex-direction: column; flex-grow: 1; justify-content: center; margin-bottom: 24px;\">\n<div style=\"background-color: #f4f4f4; border-radius: 4px; flex-grow: 0; height: 14px; margin-bottom: 6px; width: 224px;\"><\/div>\n<div style=\"background-color: #f4f4f4; border-radius: 4px; flex-grow: 0; height: 14px; width: 144px;\"><\/div>\n<\/div>\n<p>&nbsp;<\/p>\n<p style=\"color: #c9c8cd; font-family: Arial,sans-serif; font-size: 14px; line-height: 17px; margin-bottom: 0; margin-top: 8px; overflow: hidden; padding: 8px 0 7px; text-align: center; text-overflow: ellipsis; white-space: nowrap;\"><a style=\"color: #c9c8cd; font-family: Arial,sans-serif; font-size: 14px; font-style: normal; font-weight: normal; line-height: 17px; text-decoration: none;\" href=\"https:\/\/www.instagram.com\/tv\/CLJWcjwi6Ko\/?utm_source=ig_embed&amp;utm_campaign=loading\" target=\"_blank\" rel=\"noopener noreferrer\">Una publicaci\u00f3n compartida de Vilanova i la Geltru\u0301 (@ajuntamentvng)<\/a><\/p>\n<\/div>\n<\/blockquote>\n<p><script async src=\"\/\/www.instagram.com\/embed.js\"><\/script><\/p>\n<p>Som conscients que viurem un Carnaval diferent. Per\u00f2, aconseguir fer-ho \u00fanic, est\u00e0 a les nostres mans. <strong>T&#8217;animes a participar? Fem-ho segur, fem-ho amb seny.<\/strong><\/p>\n<p>I, recorda, com la festivitat de Sant Antoni (17 de gener) va caure en diumenge, aquest pr\u00f2xim <strong>dilluns 15 de febrer ser\u00e0 festiu a Vilanova i la Geltr\u00fa. Ara s\u00ed, salut i festa per tothom!<\/strong><\/p>\n<p><em>Imatge destacada: Mural del Carnaval de Vilanova a l&#8217;oficina central de Serra Grup Immobiliari<\/em>[:]<\/p>\n","protected":false},"excerpt":{"rendered":"<p>[:es]Hoy, Jueves Lardero, se dar\u00eda el pistoletazo de salida a las fiestas del Carnaval de Vilanova i la Geltr\u00fa con la Merengada y la tradicional Xatonada. Casi una semana de fiesta y alegr\u00eda por las calles, marcada por los disfraces y la s\u00e1tira. Pero, desgraciadamente, a causa de la pandemia este a\u00f1o no podremos disfrutar [&hellip;]<\/p>\n","protected":false},"author":3,"featured_media":921707,"comment_status":"closed","ping_status":"closed","sticky":false,"template":"","format":"standard","meta":{"footnotes":""},"categories":[282],"tags":[],"class_list":["post-921705","post","type-post","status-publish","format-standard","has-post-thumbnail","hentry","category-noticies"],"_links":{"self":[{"href":"https:\/\/www.serra.immo\/en\/wp-json\/wp\/v2\/posts\/921705","targetHints":{"allow":["GET"]}}],"collection":[{"href":"https:\/\/www.serra.immo\/en\/wp-json\/wp\/v2\/posts"}],"about":[{"href":"https:\/\/www.serra.immo\/en\/wp-json\/wp\/v2\/types\/post"}],"author":[{"embeddable":true,"href":"https:\/\/www.serra.immo\/en\/wp-json\/wp\/v2\/users\/3"}],"replies":[{"embeddable":true,"href":"https:\/\/www.serra.immo\/en\/wp-json\/wp\/v2\/comments?post=921705"}],"version-history":[{"count":0,"href":"https:\/\/www.serra.immo\/en\/wp-json\/wp\/v2\/posts\/921705\/revisions"}],"wp:featuredmedia":[{"embeddable":true,"href":"https:\/\/www.serra.immo\/en\/wp-json\/"}],"wp:attachment":[{"href":"https:\/\/www.serra.immo\/en\/wp-json\/wp\/v2\/media?parent=921705"}],"wp:term":[{"taxonomy":"category","embeddable":true,"href":"https:\/\/www.serra.immo\/en\/wp-json\/wp\/v2\/categories?post=921705"},{"taxonomy":"post_tag","embeddable":true,"href":"https:\/\/www.serra.immo\/en\/wp-json\/wp\/v2\/tags?post=921705"}],"curies":[{"name":"wp","href":"https:\/\/api.w.org\/{rel}","templated":true}]}}