{"id":921021,"date":"2021-02-04T16:09:12","date_gmt":"2021-02-04T15:09:12","guid":{"rendered":"https:\/\/serra.immo\/?p=921021"},"modified":"2021-02-04T16:09:12","modified_gmt":"2021-02-04T15:09:12","slug":"housing-as-it-has-changed-coronavirus","status":"publish","type":"post","link":"https:\/\/www.serra.immo\/en\/viviendas-como-han-cambiado-coronavirus\/","title":{"rendered":"How housing has changed with the pandemic"},"content":{"rendered":"<p>[:es]Los espacios que nos rodean nos condicionan y nos afectan incluso a nivel cognitivo. Durante el tiempo confinados en el interior de las viviendas, nos hemos dado cuenta de la importancia de <strong>poder disfrutar de espacios dom\u00e9sticos compartidos agradables<\/strong>, confortables y seguros.<\/p>\n<p>El Coronavirus ha transformado el rol de los inmuebles y ha puesto en el foco <strong>aquellos con m\u00e1s posibilidades de adaptaci\u00f3n al nuevo contexto pospand\u00e9mico.<\/strong> Como, por ejemplo, disponer de espacios donde poder combinar y garantizar el teletrabajo, con la vida familiar y la salud.<\/p>\n<h2>Espacios m\u00e1s seguros<\/h2>\n<p>Cada nuevo cambio conlleva la adopci\u00f3n de nuevos h\u00e1bitos. Por ello, son muchas las familias que han tomado la iniciativa de establecer medidas de control y seguridad dentro del hogar. Por un lado,<strong> han instalado sistemas de ventilaci\u00f3n mec\u00e1nica que garantizan un flujo de aire 24h<\/strong>. Y por el otro, han reinventado la zona de la entrada.<\/p>\n<p>Antes de acceder a la vivienda, <strong>se ha creado un espacio donde descalzarnos para evitar introducir el virus en el interior del hogar<\/strong>. Dentro de esta zona tambi\u00e9n se pueden dejar prendas como el abrigo, as\u00ed como complementos y accesorios como la bolsa, los paraguas, etc.<\/p>\n<p>En cuanto a los bloques de pisos, <strong>muchas comunidades ya est\u00e1n optando por instalar sistemas de reconocimiento facial para abrir puertas<\/strong> o altavoces inteligentes que facilitan el uso aut\u00f3nomo de ascensores, para evitar lo m\u00e1ximo posible tocar botones y cerraduras de zonas transitadas.<\/p>\n<p>&nbsp;<\/p>\n<blockquote class=\"wp-embedded-content\" data-secret=\"ejBA7FIxlT\"><p><a href=\"https:\/\/serra.immo\/ca\/como-seran-las-viviendas-del-futuro\/\" target=\"_blank\" rel=\"noopener\">Com seran els habitatges del futur<\/a><\/p><\/blockquote>\n<p><iframe class=\"wp-embedded-content\" sandbox=\"allow-scripts\" security=\"restricted\" style=\"position: absolute; visibility: hidden;\" title=\"&#8220;Com seran els habitatges del futur&#8221; &#8212; Serra Grup Immobiliari\" src=\"https:\/\/serra.immo\/ca\/como-seran-las-viviendas-del-futuro\/embed\/#?secret=ejBA7FIxlT\" data-secret=\"ejBA7FIxlT\" width=\"600\" height=\"338\" frameborder=\"0\" marginwidth=\"0\" marginheight=\"0\" scrolling=\"no\"><\/iframe><\/p>\n<h2>Habitaciones reconfigurables<\/h2>\n<p>Los espacios comunes deben ser cada vez m\u00e1s vers\u00e1tiles y adaptarse los intereses de todos. Una buena distribuci\u00f3n del espacio ayuda a la concentraci\u00f3n y puede, incluso, mejorar el estado de \u00e1nimo. Por ello, <strong>el papel de la decoraci\u00f3n y la iluminaci\u00f3n cada vez ser\u00e1 m\u00e1s relevante<\/strong> y podremos encontrar piezas adaptadas a nuestros gustos y emociones.<\/p>\n<p>Asimismo, los espacios modulares han encontrado su protagonismo en viviendas peque\u00f1as que deben combinar varias actividades en un solo espacio, como por ejemplo, teletrabajar y hacer deporte o tener un momento l\u00fadico. Es decir, poder<strong> crear habitaciones reconfigurables seg\u00fan el momento del d\u00eda<\/strong> o por franjas horarias.<\/p>\n<h2>Zonas comunitarias que unen el interior con el exterior<\/h2>\n<p>En un reportaje de Houzz, el arquitecto Mois\u00e9s Royo de Muka Arquitectura, sue\u00f1a con la idea de <b>establecer una superficie m\u00ednima de zonas verdes para cada bloque de viviendas<\/b>. Un deseo que comparte con la mayor\u00eda de clientes, los cuales han aumentado la <strong>demanda de inmuebles con terrazas y balcones<\/strong> desde que comenz\u00f3 la crisis sanitaria.<\/p>\n<p>Porque, seg\u00fan destacan varios arquitectos en este medio especializado, la verdadera revoluci\u00f3n de las ciudades del siglo XXI no depende de evitar que el veh\u00edculo acceda al centro de las urbes. Si no, m\u00e1s bien, de garantizar un espacio verde para cada bloque de viviendas en los barrios m\u00e1s c\u00e9ntricos.<\/p>\n<p>Si est\u00e1s buscando tu vivienda ideal, no dudes en consultar nuestro <a href=\"https:\/\/serra.immo\/ca\/inmobiliaria\/\" target=\"_blank\" rel=\"noopener noreferrer\"><strong>buscador de inmuebles en el Garraf y el Pened\u00e8s<\/strong><\/a>. En Serra Grup Immobiliari tenemos lo que necesitas. <strong>Contacta con nosotros<\/strong> si deseas que estudiemos tu caso para ofrecerte una atenci\u00f3n personalizada.[:ca]Els espais que ens envolten ens condicionen i ens afecten fins i tot en l&#8217;\u00e0mbit cognitiu. Per aix\u00f2, el temps confinats a l&#8217;interior dels habitatges, ens hem adonat de la import\u00e0ncia de poder <strong>gaudir d&#8217;espais dom\u00e8stics compartits agradables, confortables i segurs<\/strong>.<\/p>\n<p>La COVID ha transformat el rol dels immobles i ha posat en el focus aquells <strong>amb m\u00e9s possibilitats d&#8217;adaptaci\u00f3 al nou context postpand\u00e8mic<\/strong>. Com ara, disposar d&#8217;espais on poder combinar i garantir el teletreball, amb la vida familiar i la salut.<\/p>\n<h2>Espais m\u00e9s segurs<\/h2>\n<p>Cada nou canvi comporta l&#8217;adopci\u00f3 de nous h\u00e0bits. Per aix\u00f2, s\u00f3n moltes les fam\u00edlies que han pres la iniciativa d&#8217;establir mesures de control i seguretat dins la llar. Per un costat, <strong>han instal\u00b7lat sistemes de ventilaci\u00f3 mec\u00e0nica que garanteixen un flux d&#8217;aire 24h.<\/strong> I per l&#8217;altre, han reinventat la zona de l&#8217;entrada.<\/p>\n<p>Abans d&#8217;accedir a l&#8217;habitatge, <strong>s&#8217;ha creat un espai on descal\u00e7ar-nos per evitar introduir el virus a l&#8217;interior de la llar.<\/strong> Dins d&#8217;aquesta zona tamb\u00e9 es poden deixar peces de roba com ara l&#8217;abric, aix\u00ed com complements i accessoris com la bossa, els paraig\u00fces, etc.<\/p>\n<p>Pel que fa als blocs de pisos, <strong>moltes comunitats ja estan optant per instal\u00b7lar sistemes de reconeixement facial per obrir portes<\/strong> o altaveus intel\u00b7ligents que faciliten l&#8217;\u00fas aut\u00f2nom dels ascensors, per evitar el m\u00e0xim possible tocar botons i panys de zones de tr\u00e0nsit.<\/p>\n<p>&nbsp;<\/p>\n<blockquote class=\"wp-embedded-content\" data-secret=\"ejBA7FIxlT\"><p><a href=\"https:\/\/serra.immo\/ca\/como-seran-las-viviendas-del-futuro\/\" target=\"_blank\" rel=\"noopener\">Com seran els habitatges del futur<\/a><\/p><\/blockquote>\n<p><iframe class=\"wp-embedded-content\" sandbox=\"allow-scripts\" security=\"restricted\" style=\"position: absolute; visibility: hidden;\" title=\"&#8220;Com seran els habitatges del futur&#8221; &#8212; Serra Grup Immobiliari\" src=\"https:\/\/serra.immo\/ca\/como-seran-las-viviendas-del-futuro\/embed\/#?secret=ejBA7FIxlT\" data-secret=\"ejBA7FIxlT\" width=\"600\" height=\"338\" frameborder=\"0\" marginwidth=\"0\" marginheight=\"0\" scrolling=\"no\"><\/iframe><\/p>\n<h2>Habitacions reconfigurables<\/h2>\n<p>Els espais comuns han de ser cada vegada m\u00e9s vers\u00e0tils i adaptar-se als interessos de tots. Una bona distribuci\u00f3 de l&#8217;espai ajuda a la concentraci\u00f3 i pot, fins i tot, millorar l\u2019estat d\u2019\u00e0nim. Per aix\u00f2, <strong>el paper de la decoraci\u00f3 i la il\u00b7luminaci\u00f3 cada vegada ser\u00e0 m\u00e9s rellevant<\/strong> i podrem trobar peces adaptades als nostres gustos i emocions.<\/p>\n<p>Tanmateix, els espais modulars han trobat el seu protagonisme en habitatges petits que han de combinar diverses activitats en un sol espai, com per exemple, teletreballar i fer esport o tenir un moment l\u00fadic. \u00c9s a dir, poder <strong>crear habitacions reconfigurables segons el moment del dia<\/strong> o per franges hor\u00e0ries.<\/p>\n<h2>Zones comunit\u00e0ries que uneixen l&#8217;interior i l&#8217;exterior<\/h2>\n<p>En un reportatge de Houzz, l\u2019arquitecte Mois\u00e9s Royo de Muka Arquitectura, somia amb la idea d\u2019<strong>establir una superf\u00edcie m\u00ednima de zones verdes per a cada bloc d\u2019habitatges<\/strong>. Un desig que comparteix amb la majoria de clients, els quals han augmentat la demanda d\u2019immobles amb terrasses i balcons des que va comen\u00e7ar la crisi sanit\u00e0ria.<\/p>\n<p>Perqu\u00e8, segons destaquen diversos arquitectes en aquest mitj\u00e0 especialitzat, la veritable revoluci\u00f3 de les ciutats de segle XXI no dep\u00e8n d&#8217;evitar que el vehicle accedeixi a centre de les urbs. Si no, m\u00e9s aviat, en garantir un espai verd per a cada bloc d&#8217;habitatges en els barris m\u00e9s c\u00e8ntrics.<\/p>\n<p>Si est\u00e0s buscant el teu habitatge ideal, no dubtis en consultar el nostre <a href=\"https:\/\/serra.immo\/ca\/inmobiliaria\/\" target=\"_blank\" rel=\"noopener noreferrer\"><strong>buscador d\u2019immobles al Garraf i el Pened\u00e8s<\/strong><\/a>. A Serra Grup Immobiliari tenim el que necessites. <strong>Contacta amb nosaltres<\/strong> si desitges que estudiem el teu cas i et donem una atenci\u00f3 personalitzada.[:]<\/p>\n","protected":false},"excerpt":{"rendered":"<p>[:es]Los espacios que nos rodean nos condicionan y nos afectan incluso a nivel cognitivo. Durante el tiempo confinados en el interior de las viviendas, nos hemos dado cuenta de la importancia de poder disfrutar de espacios dom\u00e9sticos compartidos agradables, confortables y seguros. El Coronavirus ha transformado el rol de los inmuebles y ha puesto en [&hellip;]<\/p>\n","protected":false},"author":3,"featured_media":921035,"comment_status":"closed","ping_status":"closed","sticky":false,"template":"","format":"standard","meta":{"footnotes":""},"categories":[279],"tags":[],"class_list":["post-921021","post","type-post","status-publish","format-standard","has-post-thumbnail","hentry","category-inmobiliariasssssss"],"_links":{"self":[{"href":"https:\/\/www.serra.immo\/en\/wp-json\/wp\/v2\/posts\/921021","targetHints":{"allow":["GET"]}}],"collection":[{"href":"https:\/\/www.serra.immo\/en\/wp-json\/wp\/v2\/posts"}],"about":[{"href":"https:\/\/www.serra.immo\/en\/wp-json\/wp\/v2\/types\/post"}],"author":[{"embeddable":true,"href":"https:\/\/www.serra.immo\/en\/wp-json\/wp\/v2\/users\/3"}],"replies":[{"embeddable":true,"href":"https:\/\/www.serra.immo\/en\/wp-json\/wp\/v2\/comments?post=921021"}],"version-history":[{"count":0,"href":"https:\/\/www.serra.immo\/en\/wp-json\/wp\/v2\/posts\/921021\/revisions"}],"wp:featuredmedia":[{"embeddable":true,"href":"https:\/\/www.serra.immo\/en\/wp-json\/"}],"wp:attachment":[{"href":"https:\/\/www.serra.immo\/en\/wp-json\/wp\/v2\/media?parent=921021"}],"wp:term":[{"taxonomy":"category","embeddable":true,"href":"https:\/\/www.serra.immo\/en\/wp-json\/wp\/v2\/categories?post=921021"},{"taxonomy":"post_tag","embeddable":true,"href":"https:\/\/www.serra.immo\/en\/wp-json\/wp\/v2\/tags?post=921021"}],"curies":[{"name":"wp","href":"https:\/\/api.w.org\/{rel}","templated":true}]}}