{"id":438,"date":"2016-09-05T10:16:40","date_gmt":"2016-09-05T10:16:40","guid":{"rendered":"http:\/\/serra.immo\/?p=438"},"modified":"2016-09-05T10:16:40","modified_gmt":"2016-09-05T10:16:40","slug":"new-serra-office-in-vilafranca-of-penedes","status":"publish","type":"post","link":"https:\/\/www.serra.immo\/en\/nueva-oficina-de-serra-en-vilafranca-del-penedes\/","title":{"rendered":"New Serra office in Vilafranca del Pened\u00e8s"},"content":{"rendered":"<p>[:es]El mes de Septiembre presenta novedades para Serra en Vilafranca del Pened\u00e8s. Desde el pasado d\u00eda 1, el equipo de Serra se ha trasladado a la calle Cal Bolet, 4 en un nuevo espacio m\u00e1s c\u00e9ntrico y confortable, pensado para ofrecer un servicio m\u00e1s personalizado y cercano.<\/p>\n<p>Las nuevas oficinas, amplias y adaptadas para personas con movilidad reducida, est\u00e1n equipadas con la \u00faltima tecnolog\u00eda para ofrecer una atenci\u00f3n r\u00e1pida y personalizada. Se han creado dos salas de reuniones, para acoger las juntas de propietarios de una manera confortable y adaptadas al n\u00famero de asistentes.<\/p>\n<p>La apertura de la nueva oficina tambi\u00e9n ha comportado un cambio en el horario de atenci\u00f3n al cliente. Con el fin de ofrecer un mejor servicio, m\u00e1s pr\u00f3ximo al cliente, queremos iniciar esta nueva etapa, ampliando el horario de atenci\u00f3n al p\u00fablico, hasta llegar a las 9 horas diarias, abriendo ininterrumpidamente de 9 de la ma\u00f1ana hasta las 6 de la tarde, de lunes a viernes.<\/p>\n<p>Esta medida tiene como finalidad concreta, m\u00e1s all\u00e1 de la mejora que en s\u00ed misma representa, dos aspectos: por un lado, ampliar y facilitar -todav\u00eda m\u00e1s- el acceso y la comunicaci\u00f3n con nuestros clientes; y de la otra, adecuar progresivamente los horarios de trabajo a los est\u00e1ndares europeos, para posibilitar la conciliaci\u00f3n laboral con la personal y familiar de nuestros profesionales y colaboradores.<\/p>\n<p>Todas estas novedades est\u00e1n orientadas a mejorar la atenci\u00f3n hacia el cliente, teniendo en cuenta sus necesidades. Os invitamos a visitar este nuevo espacio en Vilafranca del Pened\u00e8s, y os recordamos que os atenderemos sobre cualquier cuesti\u00f3n, sea relativa en Vilafranca o en Vilanova i la Geltr\u00fa.<\/p>\n<p>&nbsp;<\/p>\n<p>\u00a1Os esperamos pronto![:ca]El mes de Setembre presenta novetats per a Serra a Vilafranca del Pened\u00e8s. Des del passat dia 1, l&#8217;equip de Serra s&#8217;ha traslladat al carrer Cal Bolet, 4 a un nou espai m\u00e9s c\u00e8ntric i confortable, pensat per oferir un servei m\u00e9s personalitzat i proper.<\/p>\n<p>Les noves oficines, \u00e0mplies i adaptades per a persones amb mobilitat redu\u00efda, estan equipades amb l&#8217;\u00faltima tecnologia per oferir una atenci\u00f3 r\u00e0pida i personalitzada. S&#8217;han creat dues sales de reunions, per acollir les juntes de propietaris d&#8217;una manera confortable i adaptades al nombre d&#8217;assistents.<\/p>\n<p>L&#8217;obertura de la nova oficina tamb\u00e9 ha comportat un canvi en l&#8217;horari d&#8217;atenci\u00f3 al client. Amb la finalitat d&#8217;oferir un millor servei, m\u00e9s pr\u00f2xim al client, volem iniciar aquesta nova etapa, ampliant l&#8217;horari d&#8217;atenci\u00f3 al p\u00fablic, fins a arribar a les 9 hores di\u00e0ries, obrint ininterrompudament de 9 del mat\u00ed fins a les 6 de la tarda, de dilluns a divendres.<\/p>\n<p>Aquesta mesura t\u00e9 com a finalitat concreta, m\u00e9s enll\u00e0 de la millora que en si mateixa representa, dos aspectes: d&#8217;una banda, ampliar i facilitar -encara m\u00e9s- l&#8217;acc\u00e9s i la comunicaci\u00f3 amb els nostres clients; i de l&#8217;altra, adequar progressivament els horaris de treball als est\u00e0ndards europeus, per possibilitar la conciliaci\u00f3 laboral amb la personal i familiar dels nostres professionals i col\u00b7laboradors.<\/p>\n<p>Totes aquestes novetats estan orientades a millorar l&#8217;atenci\u00f3 cap al client, tenint en compte les seves necessitats. Us convidem a visitar aquest nou espai a Vilafranca del Pened\u00e8s, i us recordem que us atendrem sobre qualsevol q\u00fcesti\u00f3, sigui relativa a Vilafranca o a Vilanova i la Geltr\u00fa.<\/p>\n<p>&nbsp;<\/p>\n<p>Us esperem aviat![:]<\/p>\n","protected":false},"excerpt":{"rendered":"<p>[:es]El mes de Septiembre presenta novedades para Serra en Vilafranca del Pened\u00e8s. Desde el pasado d\u00eda 1, el equipo de Serra se ha trasladado a la calle Cal Bolet, 4 en un nuevo espacio m\u00e1s c\u00e9ntrico y confortable, pensado para ofrecer un servicio m\u00e1s personalizado y cercano. Las nuevas oficinas, amplias y adaptadas para personas [&hellip;]<\/p>\n","protected":false},"author":3,"featured_media":439,"comment_status":"closed","ping_status":"closed","sticky":false,"template":"","format":"standard","meta":{"footnotes":""},"categories":[277],"tags":[],"class_list":["post-438","post","type-post","status-publish","format-standard","has-post-thumbnail","hentry","category-actualidad"],"_links":{"self":[{"href":"https:\/\/www.serra.immo\/en\/wp-json\/wp\/v2\/posts\/438","targetHints":{"allow":["GET"]}}],"collection":[{"href":"https:\/\/www.serra.immo\/en\/wp-json\/wp\/v2\/posts"}],"about":[{"href":"https:\/\/www.serra.immo\/en\/wp-json\/wp\/v2\/types\/post"}],"author":[{"embeddable":true,"href":"https:\/\/www.serra.immo\/en\/wp-json\/wp\/v2\/users\/3"}],"replies":[{"embeddable":true,"href":"https:\/\/www.serra.immo\/en\/wp-json\/wp\/v2\/comments?post=438"}],"version-history":[{"count":0,"href":"https:\/\/www.serra.immo\/en\/wp-json\/wp\/v2\/posts\/438\/revisions"}],"wp:featuredmedia":[{"embeddable":true,"href":"https:\/\/www.serra.immo\/en\/wp-json\/"}],"wp:attachment":[{"href":"https:\/\/www.serra.immo\/en\/wp-json\/wp\/v2\/media?parent=438"}],"wp:term":[{"taxonomy":"category","embeddable":true,"href":"https:\/\/www.serra.immo\/en\/wp-json\/wp\/v2\/categories?post=438"},{"taxonomy":"post_tag","embeddable":true,"href":"https:\/\/www.serra.immo\/en\/wp-json\/wp\/v2\/tags?post=438"}],"curies":[{"name":"wp","href":"https:\/\/api.w.org\/{rel}","templated":true}]}}