{"id":195955,"date":"2020-03-23T14:39:41","date_gmt":"2020-03-23T13:39:41","guid":{"rendered":"https:\/\/serra.immo\/?p=195955"},"modified":"2020-03-23T14:39:41","modified_gmt":"2020-03-23T13:39:41","slug":"vilanova-city-council-postpones-payment-of-property-tax-due-to-covid-19","status":"publish","type":"post","link":"https:\/\/www.serra.immo\/en\/el-ayuntamiento-de-vilanova-aplaza-el-pago-del-ibi-por-el-covid-19\/","title":{"rendered":"Vilanova City Council postpones payment of IBI due to COVID-19"},"content":{"rendered":"<p>[:es]El Ayuntamiento de Vilanova i la Geltr\u00fa ha anunciado que aplazar\u00e1 el cobro del Impuesto sobre los Bienes Inmuebles (IBI) a causa de la situaci\u00f3n derivada del COVID-19. As\u00ed pues, el pr\u00f3ximo 2 de abril no se realizar\u00e1 ning\u00fan cobro y el primero ser\u00e1 el 2 de junio. El consistorio informa que el nuevo calendario de plazos es el siguiente:<\/p>\n<table width=\"0\">\n<tbody>\n<tr>\n<td colspan=\"3\" width=\"378\">\n<p style=\"text-align: center;\"><strong>Recibos domiciliados<\/strong><\/p>\n<\/td>\n<\/tr>\n<tr>\n<td width=\"69\">\n<p style=\"text-align: center;\"><strong>Plazo<\/strong><\/p>\n<\/td>\n<td style=\"text-align: center;\" width=\"72\"><strong>% Deuda<\/strong><\/td>\n<td style=\"text-align: center;\" width=\"236\"><strong>Fecha<\/strong><\/td>\n<\/tr>\n<tr>\n<td style=\"text-align: center;\" width=\"69\">1<\/td>\n<td style=\"text-align: center;\" width=\"72\">25%<\/td>\n<td width=\"236\">\n<p style=\"text-align: center;\">2 de juny de 2020<\/p>\n<\/td>\n<\/tr>\n<tr>\n<td style=\"text-align: center;\" width=\"69\">2<\/td>\n<td style=\"text-align: center;\" width=\"72\">25%<\/td>\n<td width=\"236\">\n<p style=\"text-align: center;\">1 d\u2019octubre de 2020<\/p>\n<\/td>\n<\/tr>\n<tr>\n<td style=\"text-align: center;\" width=\"69\">3<\/td>\n<td style=\"text-align: center;\" width=\"72\">25%<\/td>\n<td width=\"236\">\n<p style=\"text-align: center;\">2 de novembre de 2020<\/p>\n<\/td>\n<\/tr>\n<tr>\n<td style=\"text-align: center;\" width=\"69\">4<\/td>\n<td style=\"text-align: center;\" width=\"72\">25%<\/td>\n<td width=\"236\">\n<p style=\"text-align: center;\">1 de desembre de 2020<\/p>\n<\/td>\n<\/tr>\n<\/tbody>\n<\/table>\n<h2><strong>Otros tributos aplazados<\/strong><\/h2>\n<p>Por otro lado, el consistorio ha decidido tambi\u00e9n<strong> aplazar el pago hasta el mes de junio<\/strong> de los otros tributos municipales que se encontraban actualmente en el periodo de pago. Concretamente, se ven afectados el Impuesto sobre Veh\u00edculos de Tracci\u00f3n Mec\u00e1nica y la tasa de guales.<\/p>\n<p>Sobre los primeros, la concejal\u00eda de Intervenci\u00f3n y Tesorer\u00eda y de Empresa e Innovaci\u00f3n ha explicado que \u201cse prorroga el plazo voluntario de pago hasta el <strong>2 de junio<\/strong> y hasta junio no se cargar\u00e1n en cuenta los recibos domiciliados de este impuesto\u201d. Por otro lado, la tasa de guales sigue el mismo patr\u00f3n.<\/p>\n<p>El Ayuntamiento de Vilanova tambi\u00e9n ha informado que cualquier duda se puede transmitir a trav\u00e9s de la <strong>web<\/strong> <a href=\"http:\/\/www.vilanova.cat\" target=\"_blank\" rel=\"noopener\">www.vilanova.cat<\/a> o de los <strong>correos electr\u00f3nicos<\/strong> <a href=\"mailto:gestiotributaria@vilanova.cat\">gestiotributaria@vilanova.cat<\/a> y <a href=\"mailto:recaptacio@vilanova.cat\">recaptacio@vilanova.cat<\/a>.<\/p>\n<p>Pod\u00e9is encontrar la noticia en la web oficial del Ayuntamiento <a href=\"https:\/\/www.vilanova.cat\/noticies\/detall?id=99995709\" target=\"_blank\" rel=\"noopener noreferrer\">en este enlace<\/a>.[:ca]<span style=\"font-weight: 400;\">L\u2019Ajuntament de Vilanova i la Geltr\u00fa ha anunciat que ajornar\u00e0 el cobrament de l\u2019Impost sobre els B\u00e9ns Immobles (IBI) a causa de la situaci\u00f3 derivada del COVID-19. Aix\u00ed doncs, el pr\u00f2xim 2 d\u2019abril no es realitzar\u00e0 cap cobrament i el primer ser\u00e0 el 2 de juny. El consistori informa que el nou calendari de terminis \u00e9s el seg\u00fcent:<\/span><\/p>\n<table width=\"0\">\n<tbody>\n<tr>\n<td colspan=\"3\" width=\"378\">\n<p style=\"text-align: center;\"><strong>Rebuts domiciliats<\/strong><\/p>\n<\/td>\n<\/tr>\n<tr>\n<td width=\"69\">\n<p style=\"text-align: center;\"><strong>Termini<\/strong><\/p>\n<\/td>\n<td style=\"text-align: center;\" width=\"72\"><strong>% Deute<\/strong><\/td>\n<td style=\"text-align: center;\" width=\"236\"><strong>Dates<\/strong><\/td>\n<\/tr>\n<tr>\n<td style=\"text-align: center;\" width=\"69\">1<\/td>\n<td style=\"text-align: center;\" width=\"72\">25%<\/td>\n<td width=\"236\">\n<p style=\"text-align: center;\">2 de juny de 2020<\/p>\n<\/td>\n<\/tr>\n<tr>\n<td style=\"text-align: center;\" width=\"69\">2<\/td>\n<td style=\"text-align: center;\" width=\"72\">25%<\/td>\n<td width=\"236\">\n<p style=\"text-align: center;\">1 d\u2019octubre de 2020<\/p>\n<\/td>\n<\/tr>\n<tr>\n<td style=\"text-align: center;\" width=\"69\">3<\/td>\n<td style=\"text-align: center;\" width=\"72\">25%<\/td>\n<td width=\"236\">\n<p style=\"text-align: center;\">2 de novembre de 2020<\/p>\n<\/td>\n<\/tr>\n<tr>\n<td style=\"text-align: center;\" width=\"69\">4<\/td>\n<td style=\"text-align: center;\" width=\"72\">25%<\/td>\n<td width=\"236\">\n<p style=\"text-align: center;\">1 de desembre de 2020<\/p>\n<\/td>\n<\/tr>\n<\/tbody>\n<\/table>\n<h2><b>Altres tributs ajornats<\/b><\/h2>\n<p><span style=\"font-weight: 400;\">D\u2019altra banda, el consistori ha decidit tamb\u00e9 ajornar el pagament fins al mes de juny dels altres tributs municipals que es trobaven actualment en per\u00edode de pagament. Concretament, es veuen afectats l\u2019<strong>Impost sobre Vehicles de Tracci\u00f3 Mec\u00e0nica<\/strong> i la<strong> taxa de guals<\/strong>.<\/span><\/p>\n<p><span style=\"font-weight: 400;\">Sobre els primers, la regidora d\u2019Intervenci\u00f3 i Tresoreria i d\u2019Empresa i Innovaci\u00f3 ha explicat que \u201ces prorroga el termini voluntari de pagament fins al<strong> 2 de juny<\/strong> i fins al juny no es carregar\u00e0 en compte els rebuts domiciliats d\u2019aquest impost\u201d. D\u2019altra banda, la taxa de guals segueix el mateix patr\u00f3.<\/span><\/p>\n<p><span style=\"font-weight: 400;\">L\u2019Ajuntament de Vilanova tamb\u00e9 ha informat que qualsevol <strong>dubte<\/strong> es pot transmetre a trav\u00e9s del web <\/span><a href=\"http:\/\/www.vilanova.cat\" target=\"_blank\" rel=\"noopener noreferrer\"><span style=\"font-weight: 400;\">www.vilanova.cat<\/span><\/a><span style=\"font-weight: 400;\"> o dels correus electr\u00f2nics <\/span><a href=\"mailto:gestiotributaria@vilanova.cat\"><span style=\"font-weight: 400;\">gestiotributaria@vilanova.cat<\/span><\/a><span style=\"font-weight: 400;\"> i <\/span><a href=\"mailto:recaptacio@vilanova.cat\"><span style=\"font-weight: 400;\">recaptacio@vilanova.cat<\/span><\/a><span style=\"font-weight: 400;\">.\u00a0<\/span><\/p>\n<p><span style=\"font-weight: 400;\">Podeu trobar la not\u00edcia al web oficial de l\u2019Ajuntament clicant al <a href=\"https:\/\/www.vilanova.cat\/noticies\/detall?id=99995709\" target=\"_blank\" rel=\"noopener noreferrer\">seg\u00fcent enlla\u00e7<\/a>.<\/span>[:]<\/p>\n","protected":false},"excerpt":{"rendered":"<p>[:es]El Ayuntamiento de Vilanova i la Geltr\u00fa ha anunciado que aplazar\u00e1 el cobro del Impuesto sobre los Bienes Inmuebles (IBI) a causa de la situaci\u00f3n derivada del COVID-19. As\u00ed pues, el pr\u00f3ximo 2 de abril no se realizar\u00e1 ning\u00fan cobro y el primero ser\u00e1 el 2 de junio. El consistorio informa que el nuevo calendario [&hellip;]<\/p>\n","protected":false},"author":3,"featured_media":195959,"comment_status":"closed","ping_status":"closed","sticky":false,"template":"","format":"standard","meta":{"footnotes":""},"categories":[277],"tags":[],"class_list":["post-195955","post","type-post","status-publish","format-standard","has-post-thumbnail","hentry","category-actualidad"],"_links":{"self":[{"href":"https:\/\/www.serra.immo\/en\/wp-json\/wp\/v2\/posts\/195955","targetHints":{"allow":["GET"]}}],"collection":[{"href":"https:\/\/www.serra.immo\/en\/wp-json\/wp\/v2\/posts"}],"about":[{"href":"https:\/\/www.serra.immo\/en\/wp-json\/wp\/v2\/types\/post"}],"author":[{"embeddable":true,"href":"https:\/\/www.serra.immo\/en\/wp-json\/wp\/v2\/users\/3"}],"replies":[{"embeddable":true,"href":"https:\/\/www.serra.immo\/en\/wp-json\/wp\/v2\/comments?post=195955"}],"version-history":[{"count":0,"href":"https:\/\/www.serra.immo\/en\/wp-json\/wp\/v2\/posts\/195955\/revisions"}],"wp:featuredmedia":[{"embeddable":true,"href":"https:\/\/www.serra.immo\/en\/wp-json\/"}],"wp:attachment":[{"href":"https:\/\/www.serra.immo\/en\/wp-json\/wp\/v2\/media?parent=195955"}],"wp:term":[{"taxonomy":"category","embeddable":true,"href":"https:\/\/www.serra.immo\/en\/wp-json\/wp\/v2\/categories?post=195955"},{"taxonomy":"post_tag","embeddable":true,"href":"https:\/\/www.serra.immo\/en\/wp-json\/wp\/v2\/tags?post=195955"}],"curies":[{"name":"wp","href":"https:\/\/api.w.org\/{rel}","templated":true}]}}