{"id":166777,"date":"2020-01-28T09:09:54","date_gmt":"2020-01-28T08:09:54","guid":{"rendered":"https:\/\/serra.immo\/?p=166777"},"modified":"2020-01-28T09:09:54","modified_gmt":"2020-01-28T08:09:54","slug":"perfect-tricks-for-small-apartments","status":"publish","type":"post","link":"https:\/\/www.serra.immo\/en\/trucos-perfectos-para-pisos-pequenos\/","title":{"rendered":"Perfect tricks for small apartments"},"content":{"rendered":"<p>[:es]Vivir en un piso peque\u00f1o no est\u00e1 re\u00f1ido con el hecho que sea entra\u00f1able, acogedor y que tenga un aspecto moderno. Adem\u00e1s, \u00a1el espacio no es un problema para seguir las \u00faltimas tendencias en decoraci\u00f3n! \u00bfEst\u00e1s perdido? \u00bfNo sabes c\u00f3mo hacerlo? \u00a1<strong>En Serra<\/strong> te mostramos una recopilaci\u00f3n de ideas y consejos que te servir\u00e1n de inspiraci\u00f3n!<\/p>\n<p>Aprovechar bien el espacio es una premisa imprescindible para hacer una buena decoraci\u00f3n en pisos peque\u00f1os. Una<strong> buena organizaci\u00f3n del espacio<\/strong> te permitir\u00e1, adem\u00e1s de tener todo ordenado y encontrarlo a la primera, dar una sensaci\u00f3n de amplitud m\u00e1s que necesaria en lugares de dimensiones reducidas. Siguiendo en esta l\u00ednea, recomendamos <strong>eliminar las divisiones<\/strong> de habitaciones peque\u00f1as. Tendr\u00e1s la sensaci\u00f3n de ganar m\u00b2 en tu hogar. Del mismo modo, puedes optar por integrar la cocina al comedor.<\/p>\n<p>Las <strong>puertas correderas<\/strong> son una opci\u00f3n magn\u00edfica para aprovechar al m\u00e1ximo la capacidad de tu casa. Sin obst\u00e1culos innecesarios, ajustar\u00e1s la medida de las habitaciones.<\/p>\n<p>Los <strong>colores suaves y claros<\/strong> en las paredes aportaran luminosidad a las estancias. \u00a1Utiliza los mismos tonos en el momento de escoger los muebles y la decoraci\u00f3n para conseguir un conjunto de revista! Con el fin de garantizar que tu hogar sea muy soleado, otra medida que puedes adoptar es <strong>no tapar mucho las ventanas<\/strong>. C\u00fabrelas s\u00f3lo con cortinas muy ligeras.<\/p>\n<p>Otro detalle es el de <strong>pensar en vertical<\/strong> y no en horizontal para eliminar impedimentos en el suelo y ganar espacio en las salas. Como ejemplos, destacamos las literas y las estanter\u00edas estrechas hasta el techo, que permiten decoraci\u00f3n y, al mismo tiempo, organizaci\u00f3n. Aconsejamos que sigas la premisa de colocar pocos muebles pero de amplitud suficiente para que se adapten a tus necesidades.<\/p>\n<p>Y un <strong>truco extra<\/strong>: \u00bfSab\u00edas que los espejos muestran m\u00e1s grandes las estancias? \u00a1As\u00ed que ya lo sabes! \u00a1Un elemento decorativo imprescindible para tu hogar!<\/p>\n<p>En <a href=\"https:\/\/serra.immo\/inmobiliaria\/\" target=\"_blank\" rel=\"noopener noreferrer\"><strong>Serra Immobili\u00e0ria<\/strong><\/a> somos expertos en el sector de la compra-venta de inmuebles. Disponemos de un amplio cat\u00e1logo de viviendas en venta y alquiler para cubrir todas las necesidades y ofrecemos servicios de consultor\u00eda inmobiliaria a propietarios e inquilinos. \u00a1Pide m\u00e1s informaci\u00f3n sin compromiso![:ca]Viure en un pis petit no est\u00e0 renyit amb el fet de que sigui entranyable, acollidor i que tingui un aspecte modern. A m\u00e9s, l\u2019espai no \u00e9s un problema per seguir les \u00faltimes tend\u00e8ncies en decoraci\u00f3! Et trobes perdut? No saps com fer-ho? <strong>A Serra<\/strong> et mostrem un recull d\u2019idees i consells que et serviran d\u2019inspiraci\u00f3!<\/p>\n<p>Aprofitar b\u00e9 l\u2019<strong>espai<\/strong> \u00e9s una premissa imprescindible per fer una bona decoraci\u00f3 en pisos petits. Una bona organitzaci\u00f3 de l\u2019espai et permetr\u00e0, a m\u00e9s de tenir-ho tot endre\u00e7at i trobar-ho a la primera, donar una sensaci\u00f3 d\u2019amplitud m\u00e9s que necess\u00e0ria en llocs de dimensions redu\u00efdes. Seguint en aquesta l\u00ednia, recomanem <strong>eliminar les divisions<\/strong> d\u2019habitacions petites. Tindr\u00e0s la sensaci\u00f3 de guanyar m\u00b2 a\u00a0 la teva llar. De la mateixa manera, pots optar per integrar la cuina al menjador.<\/p>\n<p>Les <strong>portes corredisses<\/strong> s\u00f3n una opci\u00f3 magn\u00edfica per aprofitar al m\u00e0xim la capacitat de casa teva. Sense obstacles innecessaris, ajustar\u00e0s la mida de les habitacions.<\/p>\n<p>Els <strong>colors suaus i clars<\/strong> a les parets aportaran lluminositat a les estances. Utilitza els mateixos tons a l\u2019hora d\u2019escollir els mobles i la decoraci\u00f3 per aconseguir un conjunt de revista! Per garantir que la teva llar sigui molt assolellada, una altra mesura que pots adoptar \u00e9s <strong>no tapar molt les finestres<\/strong>. Cobreix-les nom\u00e9s amb cortines molt lleugeres.<\/p>\n<p>Un altre detall \u00e9s el de <strong>pensar en vertical<\/strong> i no en horitzontal per eliminar impediments al terra i guanyar espai a les sales. Com a exemples, destaquem les lliteres i els prestatges estrets fins al sostre, que permeten decoraci\u00f3 i, alhora, organitzaci\u00f3. Aconsellem que segueixis la premissa de col\u00b7locar pocs mobles per\u00f2 d\u2019amplitud suficient com perqu\u00e8 s\u2019adaptin a les teves necessitats.<\/p>\n<p>I un <strong>truc extra<\/strong>: Sabies que els miralls donen la sensaci\u00f3 de grand\u00e0ria? Aix\u00ed que ja ho saps! Compra\u2019n un de grans dimensions!<\/p>\n<p>A <a href=\"https:\/\/serra.immo\/ca\/inmobiliaria\/\" target=\"_blank\" rel=\"noopener noreferrer\"><strong>Serra Immobili\u00e0ria<\/strong><\/a> som experts en el sector de la compra-venda d\u2019immobles. Disposem d&#8217;un ampli cat\u00e0leg d&#8217;habitatges en venda i lloguer per cobrir totes les necessitats i oferim serveis de consultoria immobili\u00e0ria tant a propietaris com a inquilins. Demana m\u00e9s informaci\u00f3 sense comprom\u00eds![:]<\/p>\n","protected":false},"excerpt":{"rendered":"<p>[:es]Vivir en un piso peque\u00f1o no est\u00e1 re\u00f1ido con el hecho que sea entra\u00f1able, acogedor y que tenga un aspecto moderno. Adem\u00e1s, \u00a1el espacio no es un problema para seguir las \u00faltimas tendencias en decoraci\u00f3n! \u00bfEst\u00e1s perdido? \u00bfNo sabes c\u00f3mo hacerlo? \u00a1En Serra te mostramos una recopilaci\u00f3n de ideas y consejos que te servir\u00e1n de [&hellip;]<\/p>\n","protected":false},"author":3,"featured_media":166778,"comment_status":"closed","ping_status":"closed","sticky":false,"template":"","format":"standard","meta":{"footnotes":""},"categories":[278],"tags":[],"class_list":["post-166777","post","type-post","status-publish","format-standard","has-post-thumbnail","hentry","category-general"],"_links":{"self":[{"href":"https:\/\/www.serra.immo\/en\/wp-json\/wp\/v2\/posts\/166777","targetHints":{"allow":["GET"]}}],"collection":[{"href":"https:\/\/www.serra.immo\/en\/wp-json\/wp\/v2\/posts"}],"about":[{"href":"https:\/\/www.serra.immo\/en\/wp-json\/wp\/v2\/types\/post"}],"author":[{"embeddable":true,"href":"https:\/\/www.serra.immo\/en\/wp-json\/wp\/v2\/users\/3"}],"replies":[{"embeddable":true,"href":"https:\/\/www.serra.immo\/en\/wp-json\/wp\/v2\/comments?post=166777"}],"version-history":[{"count":0,"href":"https:\/\/www.serra.immo\/en\/wp-json\/wp\/v2\/posts\/166777\/revisions"}],"wp:featuredmedia":[{"embeddable":true,"href":"https:\/\/www.serra.immo\/en\/wp-json\/"}],"wp:attachment":[{"href":"https:\/\/www.serra.immo\/en\/wp-json\/wp\/v2\/media?parent=166777"}],"wp:term":[{"taxonomy":"category","embeddable":true,"href":"https:\/\/www.serra.immo\/en\/wp-json\/wp\/v2\/categories?post=166777"},{"taxonomy":"post_tag","embeddable":true,"href":"https:\/\/www.serra.immo\/en\/wp-json\/wp\/v2\/tags?post=166777"}],"curies":[{"name":"wp","href":"https:\/\/api.w.org\/{rel}","templated":true}]}}