{"id":137076,"date":"2019-12-01T21:15:04","date_gmt":"2019-12-01T20:15:04","guid":{"rendered":"https:\/\/serra.immo\/?p=137076"},"modified":"2019-12-01T21:15:04","modified_gmt":"2019-12-01T20:15:04","slug":"serra-invites-you-to-the-quartet-melt-concert-at-vilafranca","status":"publish","type":"post","link":"https:\/\/www.serra.immo\/en\/serra-te-invita-al-concierto-de-quartet-melt-en-vilafranca\/","title":{"rendered":"Serra invites you to the Quartet M\u00e8lt concert in Vilafranca"},"content":{"rendered":"<p>[:es]Serra te invita a ver el Quartet M\u00e8lt en Vilafranca del Pened\u00e8s el pr\u00f3ximo 15 de diciembre. El concierto est\u00e1 enmarcado dentro del <a href=\"https:\/\/serra.immo\/serra-grup-immobiliari-patrocinador-del-musicveu-de-vilafranca-del-penedes\/\" target=\"_blank\" rel=\"noopener noreferrer\"><strong>Festival MUSiCVEU<\/strong><\/a>, patrocinado por Serra Grup Immobiliari. Participar en el sorteo de dos entradas para el espect\u00e1culo es muy sencillo:<\/p>\n<p><strong>1.<\/strong> S\u00edguenos en Facebook.<\/p>\n<p><strong>2.<\/strong> Haz \u201cme gusta\u201d en la <a href=\"https:\/\/www.facebook.com\/1280919995409109\/posts\/1423575104476930\/\" target=\"_blank\" rel=\"noopener noreferrer\">publicaci\u00f3n del sorteo<\/a>.<\/p>\n<p><strong>3.<\/strong> Comp\u00e1rtela con tus amistades.<\/p>\n<p><strong>4. <\/strong>Etiqueta con qui\u00e9n te gustar\u00eda ir.<\/p>\n<p>\u00a1El <strong>9 de diciembre a las 14 horas<\/strong> anunciaremos el nombre del ganador o ganadora!<\/p>\n<p><a href=\"http:\/\/www.quartetmelt.com\/\" target=\"_blank\" rel=\"noopener noreferrer\"><strong>Quartet M\u00e8lt<\/strong><\/a> es un grupo vocal joven formado por cuatro cantantes procedentes de diferentes lugares de Catalunya unidos por el mundo del canto coral catal\u00e1n. Juntos decidieron emprender un ilusionante proyecto conjunto con el objetivo de disfrutar de la m\u00fasica y transmitirla a todos aquellos que la escuchen. Ellos son la soprano Magal\u00ed Sare (Bellaterra), la contralto Ariadna Oliv\u00e9 (Barcelona), el tenor Eloi Fort (Tarragona) y el bar\u00edtono Oriol Quintana (Sabadell).<\/p>\n<p>&nbsp;[:ca]Serra et convida a veure el Quartet M\u00e8lt a Vilafranca del Pened\u00e8s el pr\u00f2xim 15 de desembre. El concert tindr\u00e0 lloc dins del <a href=\"https:\/\/serra.immo\/ca\/serra-grup-immobiliari-patrocinador-del-musicveu-de-vilafranca-del-penedes\/\" target=\"_blank\" rel=\"noopener noreferrer\"><strong>Festival MUSiCVEU<\/strong><\/a>, patrocinat per Serra Grup Immobiliari. Participar al sorteig de dues entrades per l\u2019espectacle \u00e9s ben senzill:<\/p>\n<p><strong>1.<\/strong> Segueix-nos a Facebook.<\/p>\n<p><strong>2.<\/strong> Fes \u201cm\u2019agrada\u201d a la <a href=\"https:\/\/www.facebook.com\/1280919995409109\/posts\/1423575104476930\/\" target=\"_blank\" rel=\"noopener noreferrer\">publicaci\u00f3 del sorteig<\/a>.<\/p>\n<p><strong>3.<\/strong> Comparteix-la amb les teves amistats.<\/p>\n<p><strong>4.<\/strong> Etiqueta amb qui t\u2019agradaria anar.<\/p>\n<p>El <strong>9 de desembre a les 14 hores<\/strong> anunciarem el nom del guanyador o guanyadora!<\/p>\n<p>El <a href=\"http:\/\/www.quartetmelt.com\/\" target=\"_blank\" rel=\"noopener noreferrer\"><strong>Quartet M\u00e8lt<\/strong><\/a> \u00e9s un grup vocal jove format per quatre cantants procedents de diferents indrets de Catalunya units pel m\u00f3n del cant coral catal\u00e0. Junts van decidir emprendre un il\u00b7lusionant projecte conjunt amb l\u2019objectiu de gaudir de la m\u00fasica i transmetre-la a tothom qui els escolt\u00e9s. Ells s\u00f3n la soprano Magal\u00ed Sare (Bellaterra), la contralt Ariadna Oliv\u00e9 (Barcelona), el tenor Eloi Fort (Tarragona) i el bar\u00edton Oriol Quintana (Sabadell).[:]<\/p>\n","protected":false},"excerpt":{"rendered":"<p>[:es]Serra te invita a ver el Quartet M\u00e8lt en Vilafranca del Pened\u00e8s el pr\u00f3ximo 15 de diciembre. El concierto est\u00e1 enmarcado dentro del Festival MUSiCVEU, patrocinado por Serra Grup Immobiliari. Participar en el sorteo de dos entradas para el espect\u00e1culo es muy sencillo: 1. S\u00edguenos en Facebook. 2. Haz \u201cme gusta\u201d en la publicaci\u00f3n del [&hellip;]<\/p>\n","protected":false},"author":3,"featured_media":158774,"comment_status":"closed","ping_status":"closed","sticky":false,"template":"","format":"standard","meta":{"footnotes":""},"categories":[278],"tags":[],"class_list":["post-137076","post","type-post","status-publish","format-standard","has-post-thumbnail","hentry","category-general"],"_links":{"self":[{"href":"https:\/\/www.serra.immo\/en\/wp-json\/wp\/v2\/posts\/137076","targetHints":{"allow":["GET"]}}],"collection":[{"href":"https:\/\/www.serra.immo\/en\/wp-json\/wp\/v2\/posts"}],"about":[{"href":"https:\/\/www.serra.immo\/en\/wp-json\/wp\/v2\/types\/post"}],"author":[{"embeddable":true,"href":"https:\/\/www.serra.immo\/en\/wp-json\/wp\/v2\/users\/3"}],"replies":[{"embeddable":true,"href":"https:\/\/www.serra.immo\/en\/wp-json\/wp\/v2\/comments?post=137076"}],"version-history":[{"count":0,"href":"https:\/\/www.serra.immo\/en\/wp-json\/wp\/v2\/posts\/137076\/revisions"}],"wp:featuredmedia":[{"embeddable":true,"href":"https:\/\/www.serra.immo\/en\/wp-json\/"}],"wp:attachment":[{"href":"https:\/\/www.serra.immo\/en\/wp-json\/wp\/v2\/media?parent=137076"}],"wp:term":[{"taxonomy":"category","embeddable":true,"href":"https:\/\/www.serra.immo\/en\/wp-json\/wp\/v2\/categories?post=137076"},{"taxonomy":"post_tag","embeddable":true,"href":"https:\/\/www.serra.immo\/en\/wp-json\/wp\/v2\/tags?post=137076"}],"curies":[{"name":"wp","href":"https:\/\/api.w.org\/{rel}","templated":true}]}}