{"id":1332113,"date":"2026-07-22T17:32:39","date_gmt":"2026-07-22T15:32:39","guid":{"rendered":"https:\/\/www.serra.immo\/?p=1332113"},"modified":"2026-07-22T17:32:43","modified_gmt":"2026-07-22T15:32:43","slug":"guide-2026-air-conditioning-regulations-for-the-community-of-veins","status":"publish","type":"post","link":"https:\/\/www.serra.immo\/en\/guia-2026-normativa-de-laire-condicionat-a-la-comunitat-de-veins\/","title":{"rendered":"Guide 2026: Air Conditioning Regulations for the Community of Ve\u00efns"},"content":{"rendered":"<p class=\"wp-block-paragraph\">Given the current heat waves, air conditioning has become essential. <a href=\"https:\/\/housfy.com\/blog\/como-controlar-el-consumo-de-aire-acondicionado\/\" target=\"_blank\" rel=\"noreferrer noopener\"><strong>Controlling consumption allows you to reduce the electricity bill<\/strong><\/a>, but you have to install it - I suggest you solve a previous question: <strong>Is it possible to legally locate within a community of owners?<\/strong><\/p>\n\n\n\n<p class=\"wp-block-paragraph\">In this article we review the applicable regulations, <strong>It is possible to locate the appliance and the engine, and how to act when solving conflicts by sorolling or installations without permission.<\/strong>\u2026<\/p>\n\n\n\n<h2 class=\"wp-block-heading\">Is it possible to have air conditioning at home?<\/h2>\n\n\n\n<p class=\"wp-block-paragraph\">As a general rule, <strong>It is not possible to set the air conditioning to the factory<\/strong>. This option is restricted to ancient buildings that do not have sufficient space on the terrace or patio.<\/p>\n\n\n\n<p class=\"wp-block-paragraph\">Per <strong>I will understand why I con\u00e8ixer the exceptions<\/strong>, I will attend to two documents clau; the Statutes of the community and the Ordenan\u00e7a d&#039;Usos del Paisatge Urb\u00e0.<\/p>\n\n\n<div class=\"wp-block-image\">\n<figure class=\"aligncenter size-large\"><img decoding=\"async\" src=\"https:\/\/www.fincasolivares.com\/wp-content\/uploads\/2026\/07\/Aire-condicionat-1-1024x576.jpg\" alt=\"Air conditioning\" class=\"wp-image-349560\" title=\"\"><\/figure>\n<\/div>\n\n\n<h2 class=\"wp-block-heading\">The regulatory framework to legalize the installation<\/h2>\n\n\n\n<p class=\"wp-block-paragraph\">These rules determine whether you can install air conditioning. The starting rule is that <strong>Statutes may contradict a valid municipal ordinance<\/strong>.<\/p>\n\n\n\n<h3 class=\"wp-block-heading\">The Statutes of the Community<\/h3>\n\n\n\n<p class=\"wp-block-paragraph\">The first step is to review <strong>qu\u00e8 diuen els Estatuts:<\/strong><\/p>\n\n\n\n<ul class=\"wp-block-list\">\n<li><strong>If the Statutes deny permission<\/strong>, the process is blocked.<\/li>\n\n\n\n<li><strong>If they do not oppose the installation<\/strong>, the Board may vote and approve the action.<\/li>\n<\/ul>\n\n\n\n<h3 class=\"wp-block-heading\">How many votes do you have to install the air conditioning?<\/h3>\n\n\n\n<p class=\"wp-block-paragraph\">The necessary majority is <strong>la meitat m\u00e9s un<\/strong> (simple majority). Article 553-25 of the Catalan Civil Code requires:<\/p>\n\n\n\n<figure class=\"wp-block-pullquote\"><blockquote><p><em>\u00ab&quot;A simple majority of affirmative votes of the owners who have participated in the Board, which must represent, at this time, the simple majority of the total of the six participation votes.&quot;.<\/em><\/p><\/blockquote><\/figure>\n\n\n\n<p class=\"wp-block-paragraph\">Please note that the Catalan Civil Code does not expressly establish air conditioning, which fits into the\u2019<em>heading f)<\/em>, which reserves the simple majority per als <em><strong>\u00ab&quot;agreed that no different majority had been established to adopt them.&quot;.<\/strong><\/em><\/p>\n\n\n\n<blockquote class=\"wp-block-quote is-layout-flow wp-block-quote-is-layout-flow\">\n<p class=\"wp-block-paragraph\"><strong>Consell Housfy:<\/strong><\/p>\n\n\n\n<p class=\"wp-block-paragraph\">Do you have doubts about presenting the proposal to the Board? <strong>Grup Housfy&#039;s Property Administrators can assess during the entire process.<\/strong><\/p>\n<\/blockquote>\n\n\n\n<h2 class=\"wp-block-heading\">L&#039;Ordenan\u00e7a d&#039;Usos del Paisatge Urb\u00e0<\/h2>\n\n\n\n<p class=\"wp-block-paragraph\">L&#039;Ordenan\u00e7a establex <strong>on es pot empla\u00e7ar l&#039;aire condicionat<\/strong>:<\/p>\n\n\n\n<ul class=\"wp-block-list\">\n<li>At <strong>edificis no protegits<\/strong> pel Catalog of Architectural Heritage; to the terrace of the building.<\/li>\n\n\n\n<li><strong>To the factory, only when he has not gone to the terrace<\/strong> and always it is not trenqui with the design of the building.<\/li>\n\n\n\n<li>At <strong>buildings included in the Cat\u00e0leg del Patrimoni Arquitect\u00f2nic Historicoart\u00edstic<\/strong> of Barcelona, the col\u00b7locaci\u00f3 requires obligatory municipal licensing (art. 63.3).<\/li>\n<\/ul>\n\n\n\n<p class=\"wp-block-paragraph\">They <strong>articles that regulate these col\u00b7locations<\/strong> son els seg\u00fcents:<\/p>\n\n\n\n<ul class=\"wp-block-list\">\n<li><strong>Art. 46.1:<\/strong> At <strong>new floor and comprehensive rehabilitation buildings<\/strong>, the devices have to prioritize the terraces.<\/li>\n\n\n\n<li><strong>Art. 63.2:<\/strong> Is left over <strong>It is prohibited to place technical elements on fa\u00e7ade walls, viewpoints and balconies.<\/strong> In this case they can overcome the tanking of the architectural buildings and have to harmonize with the solution of the tank in their location.<\/li>\n\n\n\n<li><strong>Art. 40.1:<\/strong> The owners must <strong>Vetllar pel maintenance of the architectural composition of the fa\u00e7ana.<\/strong> Barans, shutters and tendals of a constructive unit material must maintain the\u2019<strong>homogeneity<\/strong> planned for the project.<\/li>\n\n\n\n<li><strong>Art. 40.3:<\/strong> It is not possible to place installations or pipelines on the fa\u00e7anes, <strong>except express authorizations<\/strong> (basic services, telephone, electricity and gas).<\/li>\n<\/ul>\n\n\n\n<h2 class=\"wp-block-heading\">How to set the air conditioning to your engine?<\/h2>\n\n\n\n<p class=\"wp-block-paragraph\">A cop clarifies the legal framework, this is the <strong>hierarchy of locations<\/strong>, from the most recommendable to the menys:<\/p>\n\n\n\n<h3 class=\"wp-block-heading\">1. The terrace<\/h3>\n\n\n\n<p class=\"wp-block-paragraph\">\u00c9s l&#039;\u2019<strong>empla\u00e7ament prioritari.<\/strong> In new buildings or comprehensive renovations it is mandatory to reserve space: article 76.1 of the Ordenan\u00e7a provides that these projects <em>\u00ab&quot;They must provide a space reserve for the particular air conditioning installations.&quot;.<\/em><\/p>\n\n\n<div class=\"wp-block-image\">\n<figure class=\"aligncenter size-large\"><img decoding=\"async\" src=\"https:\/\/www.fincasolivares.com\/wp-content\/uploads\/2026\/07\/Aire-condicionat-2-1024x576.jpg\" alt=\"Air conditioning\" class=\"wp-image-349563\" title=\"\"><\/figure>\n<\/div>\n\n\n<h3 class=\"wp-block-heading\">2. The patio of lights<\/h3>\n\n\n\n<p class=\"wp-block-paragraph\">Hiding the motor from the light rail avoids visual impact. Aix\u00f2 yes, <strong>It is important to have a cure that does not bother your ve\u00efns with heat or excess heat.<\/strong><\/p>\n\n\n\n<h3 class=\"wp-block-heading\">3. The fa\u00e7ana (last option)<\/h3>\n\n\n\n<p class=\"wp-block-paragraph\">Nom\u00e9s <strong>quan no hi ha alternativa.<\/strong> Various situations are admitted as long as it is respecting the conditions of the Ordinance:<\/p>\n\n\n\n<p class=\"wp-block-paragraph\"><strong>On the balcony slab<\/strong>, provided that:<\/p>\n\n\n\n<ul class=\"wp-block-list\">\n<li>It remains to be seen of the bar and of its upper limit.<\/li>\n\n\n\n<li>I didn&#039;t mess up the job and they separated.<\/li>\n\n\n\n<li>No hi hagi behaviors seen by the factory.<\/li>\n<\/ul>\n\n\n\n<p class=\"wp-block-paragraph\"><strong>A l&#039;interior, per darrere de la fusteria<\/strong>, provided that:<\/p>\n\n\n\n<ul class=\"wp-block-list\">\n<li>It formed part of an integration project that respects the original composition of the factory.<\/li>\n\n\n\n<li>There is no change in the composition of the finishes or the original materials, without malmetre fusteries or solar protections.<\/li>\n\n\n\n<li>The appliance was hidden and the installations passed inside the building.<\/li>\n<\/ul>\n\n\n\n<p class=\"wp-block-paragraph\"><strong>On the ground floors:<\/strong> No s&#039;admet sobre la fa\u00e7ana, els ampits ni per davant de la fusteria. <strong>Porxos and private spaces of the public take the matter into consideration<\/strong> that qualsevol altre espai visible from the street.<\/p>\n\n\n\n<h2 class=\"wp-block-heading\">Soroll and immissions between ve\u00efns<\/h2>\n\n\n\n<h3 class=\"wp-block-heading\">What is the regulation on air conditioning?<\/h3>\n\n\n\n<p class=\"wp-block-paragraph\">Article 546-14 of the Catalan Civil Code introduces the legal concept of immunity, defined as <strong>\u00ab&quot;annoyance caused by the owner of a property who has exercised the faculties of property and security derived from his own right of ownership.&quot;.<\/strong><\/p>\n\n\n\n<blockquote class=\"wp-block-quote is-layout-flow wp-block-quote-is-layout-flow\">\n<p class=\"wp-block-paragraph\"><strong>Consell Housfy:<\/strong><\/p>\n\n\n\n<p class=\"wp-block-paragraph\">The usual solution is that the vehicle reduces the power of your air conditioning. Since this is vital in the summer, certain flexibility is essential. <strong>If the dialogue does not progress, consult the Property Administrator to act as a mediator.<\/strong><\/p>\n<\/blockquote>\n\n\n\n<h3 class=\"wp-block-heading\">What is the cause of the impairment caused by air conditioning?<\/h3>\n\n\n\n<p class=\"wp-block-paragraph\">L&#039;actuaci\u00f3 dep\u00e8n de la <strong>intensity of the discomfort:<\/strong><\/p>\n\n\n\n<ul class=\"wp-block-list\">\n<li><strong>Whether the immissio is slight or not substantial<\/strong>, the owners have to tolerate it. In this case, the best option is to explain the problem when talking.<\/li>\n\n\n\n<li><strong>If it causes substantial harm<\/strong>, the law obliges to tolerate - the only thing that is a consequence of the normal use of the farm - the cessation would imply a disproportionate despesa.<\/li>\n\n\n\n<li><strong>If substantial immissions come from installations and administrative authorities<\/strong>, the affected owner may require the adoption of technically possible and economically reasonable measures to avoid damage.<\/li>\n<\/ul>\n\n\n<div class=\"wp-block-image\">\n<figure class=\"aligncenter size-large\"><img decoding=\"async\" src=\"https:\/\/www.fincasolivares.com\/wp-content\/uploads\/2026\/07\/Aire-condicionat-3-1024x576.jpg\" alt=\"Air conditioning\" class=\"wp-image-349566\" title=\"\"><\/figure>\n<\/div>\n\n\n<h3 class=\"wp-block-heading\">What is the minimum distance from the vehicle&#039;s air conditioning?<\/h3>\n\n\n\n<p class=\"wp-block-paragraph\">It doesn&#039;t exist <strong>Cap minimum distance established.<\/strong> The Ordenan\u00e7a d&#039;Usos del Paisatge Urb\u00e0 focuses on three aspects:<\/p>\n\n\n\n<ul class=\"wp-block-list\">\n<li><strong>Prevent visual impact<\/strong> of the installation.<\/li>\n\n\n\n<li><strong>Ensure the cure<\/strong> of the farm.<\/li>\n\n\n\n<li>Let it be clear that <strong>The terrace is the lloc on empla\u00e7ar-lo.<\/strong><\/li>\n<\/ul>\n\n\n\n<p class=\"wp-block-paragraph\">Furthermore, according to the document \u00abCriteris de col\u00b7locaci\u00f3 dels aire conditionats a la ciutat de Barcelona\u00bb, install the appliance on the balcony of the community <strong>It should not be the priority option.<\/strong><\/p>\n\n\n\n<h2 class=\"wp-block-heading\">What if a vehicle has air conditioning without permission?<\/h2>\n\n\n\n<p class=\"wp-block-paragraph\">When you install an appliance without authorization, please <strong>Anar gradually increasing the measures in order to achieve the withdrawal or legalization.<\/strong> These are the steps, in order:<\/p>\n\n\n\n<h3 class=\"wp-block-heading\">1. Friendly phase<\/h3>\n\n\n\n<p class=\"wp-block-paragraph\">Sovint el ve\u00ed disconnected the regulations and contracted an installation company that installed the engine without studying it. Conv\u00e9 <strong>inform it, both to be and in understandable terms, of the contingut of the Ordenan\u00e7a and the Statutes<\/strong>, I will demand that you relocate or remove the device.<\/p>\n\n\n\n<h3 class=\"wp-block-heading\">2. Requeriment per burofax<\/h3>\n\n\n\n<p class=\"wp-block-paragraph\">If the dialogue doesn&#039;t work, <strong>The president of the community (or the property administrator in his name) must send a burofax with proof of receipt to the owner.<\/strong> If the removal or modification of the installation is formally required within a certain period (for example, 15 days), it indicates an incomplete rule.<\/p>\n\n\n\n<h3 class=\"wp-block-heading\">3. Complaint from the City Council<\/h3>\n\n\n\n<p class=\"wp-block-paragraph\">If the vei does not respond to the burofax dins of the termini, <strong>whoever sees harm by reporting the installation to the Consistori for failing to comply with the Ordenan\u00e7a d&#039;Usos del Paisatge Urb\u00e0.<\/strong> The complaint may have this following:<\/p>\n\n\n\n<ul class=\"wp-block-list\">\n<li>A municipal inspector will visit the property and, if the violation is confirmed, the City Council will file a disciplinary file.<\/li>\n\n\n\n<li>The owner will be fined and will be forced to remove or legalize the device under the threat of financial sanctions.<\/li>\n<\/ul>\n\n\n\n<h3 class=\"wp-block-heading\">4. Judicial route: L&#039;acci\u00f3 de cessaci\u00f3<\/h3>\n\n\n\n<p class=\"wp-block-paragraph\">If the device continues without removing or relocating, <strong>It is possible to go to a court because the action of cessation was decreed<\/strong>, according to article 553-40 of the Catalan Civil Code:<\/p>\n\n\n\n<ul class=\"wp-block-list\">\n<li>The<strong>art. 553-40.1<\/strong> It is established that the owners and occupants cannot last for a term, neither in the private elements nor in the rest of the property, activities contrary to the normal coexistence of the community.<\/li>\n\n\n\n<li>The<strong>art. 553-40.2<\/strong> allows the presidency of the community\u2014on its own initiative or at the request of a fourth party of the owners\u2014to exercise the action of injunction. Once the lawsuit is presented, accompanied by the request and the certificate of agreement of the Board, the judicial authority can adopt precautionary measures, including the immediate cessation of the prohibited activity.<\/li>\n<\/ul>\n\n\n<div class=\"wp-block-image\">\n<figure class=\"aligncenter size-large\"><img decoding=\"async\" src=\"https:\/\/www.fincasolivares.com\/wp-content\/uploads\/2026\/07\/Aire-condicionat-4-1024x576.jpg\" alt=\"Air conditioning\" class=\"wp-image-349569\" title=\"\"><\/figure>\n<\/div>\n\n\n<p class=\"wp-block-paragraph\"><\/p>","protected":false},"excerpt":{"rendered":"<p>Davant d&#8217;onades de calor com l&#8217;actual, l&#8217;aire condicionat s&#8217;ha tornat gaireb\u00e9 imprescindible. Controlar-ne el consum permet estalviar a la factura el\u00e8ctrica, per\u00f2 abans d&#8217;instal\u00b7lar-lo conv\u00e9 resoldre un dubte previ: On es pot col\u00b7locar legalment dins d&#8217;una comunitat de propietaris? En aquest article repassem la normativa aplicable, on es permet ubicar l&#8217;aparell i el seu motor, [&hellip;]<\/p>\n","protected":false},"author":8,"featured_media":1332114,"comment_status":"closed","ping_status":"open","sticky":false,"template":"","format":"standard","meta":{"footnotes":""},"categories":[283],"tags":[],"class_list":["post-1332113","post","type-post","status-publish","format-standard","has-post-thumbnail","hentry","category-blog-serra"],"_links":{"self":[{"href":"https:\/\/www.serra.immo\/en\/wp-json\/wp\/v2\/posts\/1332113","targetHints":{"allow":["GET"]}}],"collection":[{"href":"https:\/\/www.serra.immo\/en\/wp-json\/wp\/v2\/posts"}],"about":[{"href":"https:\/\/www.serra.immo\/en\/wp-json\/wp\/v2\/types\/post"}],"author":[{"embeddable":true,"href":"https:\/\/www.serra.immo\/en\/wp-json\/wp\/v2\/users\/8"}],"replies":[{"embeddable":true,"href":"https:\/\/www.serra.immo\/en\/wp-json\/wp\/v2\/comments?post=1332113"}],"version-history":[{"count":1,"href":"https:\/\/www.serra.immo\/en\/wp-json\/wp\/v2\/posts\/1332113\/revisions"}],"predecessor-version":[{"id":1332115,"href":"https:\/\/www.serra.immo\/en\/wp-json\/wp\/v2\/posts\/1332113\/revisions\/1332115"}],"wp:featuredmedia":[{"embeddable":true,"href":"https:\/\/www.serra.immo\/en\/wp-json\/wp\/v2\/media\/1332114"}],"wp:attachment":[{"href":"https:\/\/www.serra.immo\/en\/wp-json\/wp\/v2\/media?parent=1332113"}],"wp:term":[{"taxonomy":"category","embeddable":true,"href":"https:\/\/www.serra.immo\/en\/wp-json\/wp\/v2\/categories?post=1332113"},{"taxonomy":"post_tag","embeddable":true,"href":"https:\/\/www.serra.immo\/en\/wp-json\/wp\/v2\/tags?post=1332113"}],"curies":[{"name":"wp","href":"https:\/\/api.w.org\/{rel}","templated":true}]}}