{"id":976389,"date":"2022-07-06T08:19:36","date_gmt":"2022-07-06T07:19:36","guid":{"rendered":"https:\/\/serra.immo\/?p=976389"},"modified":"2024-08-23T10:33:43","modified_gmt":"2024-08-23T08:33:43","slug":"augmentar-el-valor-de-limmoble","status":"publish","type":"post","link":"https:\/\/www.serra.immo\/ca\/aumentar-el-valor-del-inmueble\/","title":{"rendered":"Augmentar el valor de l&#039;immoble: 6 idees per decorar el balc\u00f3"},"content":{"rendered":"<p>Si el que vols \u00e9s fer de casa teva un lloc m\u00e9s saludable i augmentar el valor de l&#039;immoble, decorar el teu balc\u00f3 pot ser una idea f\u00e0cil i low cost que et pot ajudar. Amb la pujada de temperatures volem comen\u00e7ar a gaudir dels balcons de casa, i avui volem proposar <strong>6 idees per preparar l&#039;exterior de casa teva<\/strong>. No tots tenim grans jardins, per\u00f2 no per aix\u00f2 cal renunciar a tenir un rac\u00f3 per poder gaudir del bon temps.<\/p>\n<h2>1. Pintar i netejar abans de comen\u00e7ar<\/h2>\n<p>Abans de comen\u00e7ar heu de sanejar l&#039;espai, \u00e9s a dir, posar-lo a punt. El primer pas \u00e9s buidar-lo del tot. \u00c9s important comen\u00e7ar des de 0.<\/p>\n<p>Un cop buit, abans de fer una neteja a fons, ser\u00e0 el moment de pintar les baranes i parets.<\/p>\n<h2>2. Cobreix el terra amb gespa artificial<\/h2>\n<p>Si anem pas a pas, i en ordre, el m\u00e9s l\u00f2gic \u00e9s centrar-se a terra. Una idea per donar un toc diferent del balc\u00f3 \u00e9s posar gespa artificial. Aquest tipus de s\u00f2l absorbeix molt b\u00e9 la calor, \u00e9s est\u00e8ticament bonica, f\u00e0cil de netejar i resistent.<\/p>\n<p>Tot i que tamb\u00e9 t\u00e9 inconvenients, com ara el cost d&#039;aquest tipus de material. Segurament hi ha un gran ventall de preus, depenent de la qualitat del producte.<\/p>\n<h2>3. Conserva la privadesa dels teus ve\u00efns<\/h2>\n<p>Molts balcons deixen veure el seu interior, depenent de l&#039;al\u00e7ada i la proximitat a qu\u00e8 tinguis els ve\u00efns, per tant, si vols conservar la privadesa haur\u00e0s de cobrir les baranes amb bamb\u00fa, plantes o algun material que et doni intimitat.<\/p>\n<h2>4. Reutilitza palets<\/h2>\n<p>Aquesta opci\u00f3 no pot faltar al balc\u00f3, si l&#039;espai et permet, els palets donen molt de joc a l&#039;hora de crear mobles i ambients a les nostres terrasses. Es poden produir sof\u00e0s, taules amb rodes o sense, prestatgeries i jardins verticals. Fins i tot es poden fer servir per espais interiors.<\/p>\n<p>Busca v\u00eddeos a Internet, hi hagi una gran varietat, on t&#039;expliquin com muntar el teu moble <span class=\"hiddenSuggestion\">creat<\/span> amb palets. Un cop el tinguis muntat, necessitar\u00e0s decoraci\u00f3 t\u00e8xtil, com ara coixins per a la superf\u00edcie, o si la superf\u00edcie \u00e9s prou gran, pots <span class=\"hiddenSuggestion\">utilitzar<\/span> un matal\u00e0s individual.<\/p>\n<h2>5. Decora amb plantes<\/h2>\n<p>Les plantes no poden fallar, m\u00e9s si estem decorant el balc\u00f3. Aporten molt de color, alegria i vida.<\/p>\n<p>Has de saber que no totes les plantes valen, ja que cada planta t\u00e9 unes necessitats. Si el teu balc\u00f3 \u00e9s assolellat pots optar per posar geranis o pet\u00fanies.<\/p>\n<p>Si, en canvi, tens un balc\u00f3 amb ombra, les plantes m\u00e9s adequades podrien ser les beg\u00f2nies, l&#039;esparreguera, el ciclamen, entre d&#039;altres.<\/p>\n<p>Totes s\u00f3n molt bona opci\u00f3, sens dubte faran que el teu balc\u00f3 llueixi molt millor. Nom\u00e9s mira si el teu balc\u00f3 d\u00f3na a l&#039;ombra o \u00e9s al ple sol, i escull la que m\u00e9s t&#039;agradi!<\/p>\n<h2>6. Il\u00b7luminaci\u00f3 m\u00e0gica<\/h2>\n<p>Durant el dia el sol ser\u00e0 l&#039;encarregat d&#039;enllumenar el balc\u00f3, per\u00f2 haur\u00e0s de buscar opcions a la nit. No cal que sigui una llum forta, escull aquella que encaixi m\u00e9s amb l&#039;estil del teu balc\u00f3.<\/p>\n<p>Nosaltres et recomanem els fanalets o garlandes de bombetes, ja que proporcionaran una llum equilibrada i ideal per acompanyar totes les nostres nits m\u00e0giques.<\/p>\n<p>Visita la nostra p\u00e0gina web fent clic <a href=\"https:\/\/www.serra.immo\/ca\/\" target=\"_blank\" rel=\"noopener\"><strong>aqu\u00ed<\/strong><\/a> i troba la teva llar ideal.<\/p>\n<p>En cas que busquis i tinguis noves necessitats, no dubtis a <a href=\"https:\/\/www.serra.immo\/ca\/contacte\/\" target=\"_blank\" rel=\"noopener\">contactar<\/a> amb nosaltres, t&#039;ajudem a vendre el teu immoble. No saps a quin preu vendre&#039;l? A <strong><a href=\"https:\/\/www.serra.immo\/ca\/\" target=\"_blank\" rel=\"noopener\">Serra<\/a><\/strong> tenim una eina en l\u00ednia per <a href=\"https:\/\/www.serra.immo\/ca\/valoracio-immobiliaria\/\" target=\"_blank\" rel=\"noopener\"><strong>valorar el teu habitatge<\/strong><\/a>, sense comprom\u00eds i en q\u00fcesti\u00f3 de minuts.<\/p>","protected":false},"excerpt":{"rendered":"<p>Si lo que quieres es hacer de tu casa un sitio m\u00e1s saludable y aumentar el valor del inmueble, decorar tu balc\u00f3n puede ser un idea f\u00e1cil y low cost que te puede ayudar. Con la subida de temperaturas queremos empezar a disfrutar de los balcones de casa, y hoy queremos proponer 6 ideas para [&hellip;]<\/p>\n","protected":false},"author":3,"featured_media":1191306,"comment_status":"closed","ping_status":"closed","sticky":false,"template":"","format":"standard","meta":{"footnotes":""},"categories":[283],"tags":[],"class_list":["post-976389","post","type-post","status-publish","format-standard","has-post-thumbnail","hentry","category-blog-serra"],"_links":{"self":[{"href":"https:\/\/www.serra.immo\/ca\/wp-json\/wp\/v2\/posts\/976389","targetHints":{"allow":["GET"]}}],"collection":[{"href":"https:\/\/www.serra.immo\/ca\/wp-json\/wp\/v2\/posts"}],"about":[{"href":"https:\/\/www.serra.immo\/ca\/wp-json\/wp\/v2\/types\/post"}],"author":[{"embeddable":true,"href":"https:\/\/www.serra.immo\/ca\/wp-json\/wp\/v2\/users\/3"}],"replies":[{"embeddable":true,"href":"https:\/\/www.serra.immo\/ca\/wp-json\/wp\/v2\/comments?post=976389"}],"version-history":[{"count":2,"href":"https:\/\/www.serra.immo\/ca\/wp-json\/wp\/v2\/posts\/976389\/revisions"}],"predecessor-version":[{"id":1191307,"href":"https:\/\/www.serra.immo\/ca\/wp-json\/wp\/v2\/posts\/976389\/revisions\/1191307"}],"wp:featuredmedia":[{"embeddable":true,"href":"https:\/\/www.serra.immo\/ca\/wp-json\/wp\/v2\/media\/1191306"}],"wp:attachment":[{"href":"https:\/\/www.serra.immo\/ca\/wp-json\/wp\/v2\/media?parent=976389"}],"wp:term":[{"taxonomy":"category","embeddable":true,"href":"https:\/\/www.serra.immo\/ca\/wp-json\/wp\/v2\/categories?post=976389"},{"taxonomy":"post_tag","embeddable":true,"href":"https:\/\/www.serra.immo\/ca\/wp-json\/wp\/v2\/tags?post=976389"}],"curies":[{"name":"wp","href":"https:\/\/api.w.org\/{rel}","templated":true}]}}