{"id":944348,"date":"2021-07-09T10:28:37","date_gmt":"2021-07-09T09:28:37","guid":{"rendered":"https:\/\/serra.immo\/?p=944348"},"modified":"2024-08-23T14:20:24","modified_gmt":"2024-08-23T12:20:24","slug":"locals-buits-a-traves-de-lart","status":"publish","type":"post","link":"https:\/\/www.serra.immo\/ca\/locales-vacios-a-traves-del-arte\/","title":{"rendered":"Visibilitzar locals buits a trav\u00e9s de l&#039;art"},"content":{"rendered":"<p>Coneixes el VAAC? Fa uns mesos que vam publicar a les nostres <a href=\"https:\/\/www.facebook.com\/watch\/?v=459065368849372\" target=\"_blank\" rel=\"noopener\">xarxes socials<\/a> aquesta iniciativa, per\u00f2 si en aquell moment t&#039;ho vas perdre, continua llegint. \u00c9s un projecte nascut a Vilafranca del Pened\u00e8s que t\u00e9 com a objectiu agilitzar locals buits a trav\u00e9s de l&#039;art per\u00f2, com es fa aix\u00f2? A trav\u00e9s dels locals comercials que han quedat sense activitat al centre de la ciutat. Com ho duen a terme? A trav\u00e9s de l&#039;art contemporani.<\/p>\n<p>Es van inspirar amb l&#039;exemple del MGA (Manlleu Galeria Art), un projecte consolidat a la comarca d&#039;Osona que compta amb una traject\u00f2ria de set edicions.<\/p>\n<h2><strong>Art a peu de carrer: Locals buits a trav\u00e9s de l&#039;art<\/strong><\/h2>\n<p>Es van seleccionar locals comercials sense activitat per utilitzar els seus aparadors com a expositors d&#039;art. Amb una participaci\u00f3 total de 9 locals i 17 artistes. Una brillant idea! Des de <a href=\"https:\/\/www.serra.immo\/ca\/\" target=\"_blank\" rel=\"noopener\"><strong>Serra<\/strong><\/a>\u00a0estem molt contents de donar suport a iniciatives que aposten per la innovaci\u00f3 i fomenten l&#039;art i la cultura.<\/p>\n<h2><strong>Programa d&#039;activitats<\/strong><\/h2>\n<p>La jornada es va iniciar la tarda del 31 de mar\u00e7 i va finalitzar gaireb\u00e9 dos mesos despr\u00e9s. El primer dia es va fer la inauguraci\u00f3 i una visita guiada pels diferents expositors. Durant aquesta primera edici\u00f3, es van fer un total d&#039;11 visites guiades.<\/p>\n<p>Per incentivar l&#039;inter\u00e8s, entre tots els participants, l&#039;organitzaci\u00f3 va fer un sorteig de dos vals de compra valorats en 50 \u20ac per gastar als comer\u00e7os de l&#039;associaci\u00f3 de comerciants CENTRE VILA.<\/p>\n<h2><strong>Valoraci\u00f3 de la primera edici\u00f3<\/strong><\/h2>\n<p>Despr\u00e9s de recopilar totes les dades d\u201faquesta primera edici\u00f3 s\u201fha dut a terme una valoraci\u00f3 de la jornada. Pel que fa als locals, d&#039;un total de 9 participacions se&#039;n van acabar llogant 2 durant les mostres tot un \u00e8xit! I hi va haver 7 interessats a qui se&#039;ls va mostrar els locals corresponents.<\/p>\n<p>Per gaudir de les visites guiades, calia fer una reserva pr\u00e8via, es van comptabilitzar un total de 134 persones que es van dividir en 11 grups diferents. Els artistes col\u00b7laboradors que van exhibir les seues obres van ser 17, i es van generar 9 consultes mostrat inter\u00e8s per alguna obra exposada.<\/p>\n<p>A l&#039;enquesta realitzada pel p\u00fablic assistent a les visites la valoraci\u00f3 va ser bona, la meitat dels participants van puntuar 9 sobre 10, i els comentaris recolzaven positivament les jornades.<\/p>\n<p><strong>Aquesta iniciativa ens va oferir l&#039;oportunitat d&#039;innovar al m\u00f3n immobiliari, acostant dos sectors que junts s\u00f3n m\u00e9s atractius.<\/strong><\/p>\n<p><strong>Necessites posar a la venda o llogar un local o immoble?<\/strong>\u00a0A <a href=\"https:\/\/www.serra.immo\/ca\/\" target=\"_blank\" rel=\"noopener\"><strong>Serra<\/strong><\/a>\u00a0ens dediquem a la compravenda i al lloguer. Descobreix tot el que inclou aquest servei a visitant la nostra p\u00e0gina web o posa&#039;t en contacte amb nosaltres a trav\u00e9s del correu info@serra.immo o omplint el <a href=\"https:\/\/www.serra.immo\/ca\/contacte\/?utm_source=blog&amp;utm_medium=onsite\" target=\"_blank\" rel=\"noopener\">formulari de contacte<\/a>.<\/p>","protected":false},"excerpt":{"rendered":"<p>\u00bfConoces el VAAC? Hace unos meses que publicamos en nuestras redes sociales esta iniciativa, pero si en ese momento te lo perdiste, sigue leyendo. Es un proyecto nacido en Vilafranca del Pened\u00e9s que tiene como objetivo agilizar locales vac\u00edos a trav\u00e9s del arte pero, \u00bfC\u00f3mo se hace esto? A trav\u00e9s de los locales comerciales que [&hellip;]<\/p>\n","protected":false},"author":3,"featured_media":1191337,"comment_status":"closed","ping_status":"closed","sticky":false,"template":"","format":"standard","meta":{"footnotes":""},"categories":[282],"tags":[284,285,286,287,288,289,290,291,292],"class_list":["post-944348","post","type-post","status-publish","format-standard","has-post-thumbnail","hentry","category-noticies","tag-alquiler","tag-inmobiliaria","tag-lloguer","tag-locales","tag-locals","tag-serra-grup-immobiliari","tag-serra-grup-immobilliari","tag-vilafranca-del-penedes","tag-vilanova-i-la-geltru"],"_links":{"self":[{"href":"https:\/\/www.serra.immo\/ca\/wp-json\/wp\/v2\/posts\/944348","targetHints":{"allow":["GET"]}}],"collection":[{"href":"https:\/\/www.serra.immo\/ca\/wp-json\/wp\/v2\/posts"}],"about":[{"href":"https:\/\/www.serra.immo\/ca\/wp-json\/wp\/v2\/types\/post"}],"author":[{"embeddable":true,"href":"https:\/\/www.serra.immo\/ca\/wp-json\/wp\/v2\/users\/3"}],"replies":[{"embeddable":true,"href":"https:\/\/www.serra.immo\/ca\/wp-json\/wp\/v2\/comments?post=944348"}],"version-history":[{"count":2,"href":"https:\/\/www.serra.immo\/ca\/wp-json\/wp\/v2\/posts\/944348\/revisions"}],"predecessor-version":[{"id":1191336,"href":"https:\/\/www.serra.immo\/ca\/wp-json\/wp\/v2\/posts\/944348\/revisions\/1191336"}],"wp:featuredmedia":[{"embeddable":true,"href":"https:\/\/www.serra.immo\/ca\/wp-json\/wp\/v2\/media\/1191337"}],"wp:attachment":[{"href":"https:\/\/www.serra.immo\/ca\/wp-json\/wp\/v2\/media?parent=944348"}],"wp:term":[{"taxonomy":"category","embeddable":true,"href":"https:\/\/www.serra.immo\/ca\/wp-json\/wp\/v2\/categories?post=944348"},{"taxonomy":"post_tag","embeddable":true,"href":"https:\/\/www.serra.immo\/ca\/wp-json\/wp\/v2\/tags?post=944348"}],"curies":[{"name":"wp","href":"https:\/\/api.w.org\/{rel}","templated":true}]}}