{"id":943262,"date":"2021-06-21T16:50:49","date_gmt":"2021-06-21T15:50:49","guid":{"rendered":"https:\/\/serra.immo\/?p=943262"},"modified":"2024-08-23T14:40:25","modified_gmt":"2024-08-23T12:40:25","slug":"triar-el-millor-administrador-de-finques-per-a-la-teva-comunitat","status":"publish","type":"post","link":"https:\/\/www.serra.immo\/ca\/elegir-el-mejor-administrador-de-fincas-para-tu-comunidad\/","title":{"rendered":"Com triar el millor administrador de finques per a la teva comunitat?"},"content":{"rendered":"<h2>Quina funci\u00f3 t\u00e9 un administrador de finques?<\/h2>\n<p>Un administrador de finques \u00e9s un professional que desenvolupa multitud de tasques imprescindibles per vetllar pel bon funcionament d\u201funa Comunitat de Propietaris.<\/p>\n<p>L&#039;administrador de finques no se centra tan sols a gestionar els diferents prove\u00efdors de l&#039;immoble oa controlar-ne les despeses, sin\u00f3 que \u00e9s l&#039;encarregat del funcionament correcte i l&#039;harmonia d&#039;una comunitat en tots els aspectes.<\/p>\n<p>Per tant, com triar el millor administrador de finques per a la teva comunitat? Algunes comunitats cauen en l&#039;error de fer que la figura i el treball de l&#039;administrador de finques recaigui en el president de la comunitat de manera rotativa, i aquest fet pot sobrepassar qui exerceix aquest c\u00e0rrec, ja que durant l&#039;any en funcions ja ha de gestionar altres conflictes. En canvi, l&#039;administrador de finques t\u00e9 una preparaci\u00f3 espec\u00edfica per assessorar i administrar correctament una comunitat sense caure en aquest punt.<\/p>\n<p>Per aquest motiu, des de Serra volem donar-te 4 claus per triar un administrador de finques qualificat, ja que comptar amb un administrador de finques col\u00b7legiat \u00e9s la millor garantia per al bon funcionament d&#039;una comunitat de ve\u00efns i la gesti\u00f3 correcta d&#039;un immoble com a valor de inversi\u00f3.<\/p>\n<h2>Com triar el millor administrador de finques per a la teva comunitat?<\/h2>\n<h5>Titulaci\u00f3 acreditada<\/h5>\n<p>Per comen\u00e7ar, us recomanem que l&#039;Administrador de finques que escolliu compti amb la titulaci\u00f3 oficial corresponent que acrediti la seva formaci\u00f3, ja que s&#039;encarregar\u00e0 de temes de vital import\u00e0ncia per a la comunitat de ve\u00efns. A m\u00e9s, \u00e9s important que estigueu col\u00b7legiats per assegurar-vos que hi ha una garantia de professionalitat i responsabilitat absoluta a l&#039;hora d&#039;ocupar-se del manteniment d&#039;una propietat.<\/p>\n<h5>Formaci\u00f3 continueu<\/h5>\n<p>Un administrador de finques ha de ser conscient de la import\u00e0ncia d&#039;una formaci\u00f3 continuada, ja que una de les seves moltes funcions \u00e9s conservar i millorar la propietat constantment, i per aquest motiu, un bon administrador de finques ha d&#039;estar a l&#039;\u00faltima assistint a cursos i confer\u00e8ncies per aportar el seu suport jur\u00eddic en cas que calgui i actualitzar-se quant a ajuts a la rehabilitaci\u00f3 d&#039;immobles etc.<\/p>\n<h5>Correcta gesti\u00f3 administrativa i econ\u00f2mica<\/h5>\n<p>Una de les gestions m\u00e9s importants que requereix el dia a dia en una Comunitat de Propietaris \u00e9s una gesti\u00f3 administrativa i econ\u00f2mica correcta. \u00c9s per aix\u00f2 que l&#039;administrador de finques ha d&#039;estar al dia dels comptes i controlar tots els pagaments i cobraments.<\/p>\n<h5>Gesti\u00f3 de problemes ve\u00efnals<\/h5>\n<p>Un administrador de finques ha d&#039;estar capacitat per gestionar i mediar en conflictes ve\u00efnals i donar soluci\u00f3 als problemes que puguin sorgir a la Comunitat de Propietaris al llarg dels anys.<\/p>\n<p>Per aix\u00f2, un bon administrador de comunitats ha de saber preparar les juntes de propietaris i tenir en compte la disponibilitat de tots ells per aconseguir la m\u00e0xima participaci\u00f3 i consens.<\/p>\n<p><strong>Necessites gestionar la teva comunitat?<\/strong> A Serra <strong>gestionem la teva Comunitat de Propietaris<\/strong> amb un servei integral i vetllem per al seu funcionament \u00f2ptim. Descobreix tot el que inclou aquest servei a trav\u00e9s de <a href=\"https:\/\/www.serra.immo\/ca\/administracion-de-comunidades\/?utm_source=blog&amp;utm_medium=onsite\" target=\"_blank\" rel=\"noopener\">la nostra p\u00e0gina web<\/a> o posa&#039;t en contacte amb els nostres gestors a trav\u00e9s del correu <a href=\"mailto:info@serra.immo\">info@serra.immo<\/a> o b\u00e9 omplint el <a href=\"https:\/\/www.serra.immo\/ca\/contacte\/?utm_source=blog&amp;utm_medium=onsite\" target=\"_blank\" rel=\"noopener\">formulari de contacte<\/a>.<\/p>\n\n\n<p><\/p>","protected":false},"excerpt":{"rendered":"<p>\u00bfQu\u00e9 funci\u00f3n tiene un Administrador de fincas? Un administrador de fincas es un profesional que desarrolla multitud de tareas imprescindibles para velar para el buen funcionamiento de una Comunidad de Propietarios. El administrador de fincas no se centra tan solo a gestionar a los diferentes proveedores del inmueble o a controlar sus gastos, sino que [&hellip;]<\/p>\n","protected":false},"author":3,"featured_media":1191348,"comment_status":"closed","ping_status":"closed","sticky":false,"template":"","format":"standard","meta":{"footnotes":""},"categories":[280],"tags":[],"class_list":["post-943262","post","type-post","status-publish","format-standard","has-post-thumbnail","hentry","category-comunidades"],"_links":{"self":[{"href":"https:\/\/www.serra.immo\/ca\/wp-json\/wp\/v2\/posts\/943262","targetHints":{"allow":["GET"]}}],"collection":[{"href":"https:\/\/www.serra.immo\/ca\/wp-json\/wp\/v2\/posts"}],"about":[{"href":"https:\/\/www.serra.immo\/ca\/wp-json\/wp\/v2\/types\/post"}],"author":[{"embeddable":true,"href":"https:\/\/www.serra.immo\/ca\/wp-json\/wp\/v2\/users\/3"}],"replies":[{"embeddable":true,"href":"https:\/\/www.serra.immo\/ca\/wp-json\/wp\/v2\/comments?post=943262"}],"version-history":[{"count":2,"href":"https:\/\/www.serra.immo\/ca\/wp-json\/wp\/v2\/posts\/943262\/revisions"}],"predecessor-version":[{"id":1191347,"href":"https:\/\/www.serra.immo\/ca\/wp-json\/wp\/v2\/posts\/943262\/revisions\/1191347"}],"wp:featuredmedia":[{"embeddable":true,"href":"https:\/\/www.serra.immo\/ca\/wp-json\/wp\/v2\/media\/1191348"}],"wp:attachment":[{"href":"https:\/\/www.serra.immo\/ca\/wp-json\/wp\/v2\/media?parent=943262"}],"wp:term":[{"taxonomy":"category","embeddable":true,"href":"https:\/\/www.serra.immo\/ca\/wp-json\/wp\/v2\/categories?post=943262"},{"taxonomy":"post_tag","embeddable":true,"href":"https:\/\/www.serra.immo\/ca\/wp-json\/wp\/v2\/tags?post=943262"}],"curies":[{"name":"wp","href":"https:\/\/api.w.org\/{rel}","templated":true}]}}