{"id":932799,"date":"2021-05-20T16:47:34","date_gmt":"2021-05-20T15:47:34","guid":{"rendered":"https:\/\/serra.immo\/?p=932799"},"modified":"2024-08-23T14:45:23","modified_gmt":"2024-08-23T12:45:23","slug":"mesures-actuals-a-les-juntes-de-propietaris-de-cataluna","status":"publish","type":"post","link":"https:\/\/www.serra.immo\/ca\/medidas-actuales-en-las-juntas-de-propietarios-de-cataluna\/","title":{"rendered":"Aquestes s\u00f3n les mesures actuals a les Juntes de Propietaris de Catalunya"},"content":{"rendered":"<p>Formes part d&#039;una de les moltes comunitats de propietaris que hi ha a Catalunya? Si \u00e9s aix\u00ed, aquesta informaci\u00f3 us pot interessar!<\/p>\n<p>Des de <strong>Serra<\/strong>\u00a0estem atents a totes les novetats quant a les normatives de Comunitats de Propietaris i mantenim el nostre comprom\u00eds de mantenir-te sempre informat perqu\u00e8 la teva Comunitat segueixi funcionant acord amb el que indica la llei a cada moment.<\/p>\n<p>Per aquest motiu, avui et portem les mesures actuals a les Juntes de Propietaris de Catalunya.<\/p>\n<h4>Mesures actuals a les Juntes de Propietaris de Catalunya<\/h4>\n<p>Aix\u00ed, si convius en una Comunitat de Propietaris dins de Catalunya, has de saber que a causa de la situaci\u00f3 actual provocada pel COVID-19, encara es veu suspesa l&#039;obligaci\u00f3 de convocar i celebrar juntes a les Comunitats de Propietaris.<\/p>\n<p>En principi, segons s&#039;indica al Decret Llei 53\/2020 de 22 de desembre que prorroga i modifica el Decret Llei de 10\/2020 de 27 de mar\u00e7, aix\u00f2 haur\u00e0 de ser aix\u00ed fins al 31 de desembre de 2021.<\/p>\n<p>Tot i aix\u00ed, i per aquest mateix motiu, tamb\u00e9 queden prorrogats fins a la mateixa data els pressupostos i els c\u00e0rrecs de la Junta, ia partir del 31 de desembre de 2021, quan es pugui celebrar la Junta Ordin\u00e0ria es procedir\u00e0 a l&#039;aprovaci\u00f3 dels comptes ja la renovaci\u00f3 dels c\u00e0rrecs.<\/p>\n<h4>Com puc convocar una Junta a la meva Comunitat?<\/h4>\n<p>Si la vostra Comunitat necessita convocar una Junta de Propietaris per resoldre o b\u00e9 aprovar alguns temes importants, la suspensi\u00f3 de l&#039;obligaci\u00f3 de convocar juntes de comunitat, no exclou que la Comunitat pugui celebrar juntes a iniciativa del President\/aoa petici\u00f3 d&#039;almenys un 20% de les persones propiet\u00e0ries amb dret a vot i que representin un coeficient del 20% com a m\u00ednim.<\/p>\n<p>Per ser m\u00e9s precisos, la normativa especial respecte aquest tema, estableix que les Juntes de Propietaris actualment es poden celebrar de les tres maneres seg\u00fcents:<\/p>\n<h4>Presencialment<\/h4>\n<p>Sempre que es respectin les mesures sanit\u00e0ries i no se superi un m\u00e0xim de 6 persones.<\/p>\n<h4>Telem\u00e0ticament<\/h4>\n<p>A trav\u00e9s dels mitjans que estableix larticle 312.5.2 del Codi Civil de Catalunya i garantint la identificaci\u00f3 dels assistents, la continu\u00eftat de la comunicaci\u00f3, la possibilitat dintervenci\u00f3 i lemissi\u00f3 de vot.<\/p>\n<h4>Acords sense reuni\u00f3<\/h4>\n<p>Mentre no es convoqui i celebri la Junta Ordin\u00e0ria, a inst\u00e0ncia del President\/a de la Comunitat es poden prendre \u201cacords sense reuni\u00f3\u201d. L&#039;emissi\u00f3 del vot haur\u00e0 de ser per correspond\u00e8ncia postal o telem\u00e0tica, garantint els drets d&#039;informaci\u00f3 i de vot perqu\u00e8 en quedi const\u00e0ncia de la recepci\u00f3 dels vots. \u00c9s imprescindible fixar el termini per l&#039;emissi\u00f3 i la recepci\u00f3 dels vots, el qual ha de ser com a m\u00ednim de 8 dies.<\/p>\n<p>Si aquesta informaci\u00f3 ha estat \u00fatil per a tu, recorda que des de <strong>Serra <\/strong>gestionem la teva Comunitat de Propietaris amb un servei integral i vetllem pel seu funcionament \u00f2ptim.<\/p>\n<p>Descobreix tot el que inclou aquest servei a trav\u00e9s de <a href=\"https:\/\/www.serra.immo\/ca\/administracion-de-comunidades\/?utm_source=blog&amp;utm_medium=onsite\" target=\"_blank\" rel=\"noopener\">la nostra p\u00e0gina web<\/a> o posa&#039;t en contacte amb els nostres gestors a trav\u00e9s del correu <strong>info@serra.immo<\/strong> o b\u00e9 omplint el <a href=\"https:\/\/www.serra.immo\/ca\/contacte\/?utm_source=blog&amp;utm_medium=onsite\" target=\"_blank\" rel=\"noopener\">formulari de contacte<\/a> del nostre web.<\/p>","protected":false},"excerpt":{"rendered":"<p>Formas parte de una de las muchas comunidades de propietarios que hay en Catalu\u00f1a? Si es as\u00ed, esta informaci\u00f3n te puede interesar! Desde Serra\u00a0estamos atentos a todas las novedades en cuanto a las normativas de Comunidades de Propietarios y mantenemos nuestro compromiso de mantenerte siempre informado para que tu Comunidad siga funcionando acuerdo con el [&hellip;]<\/p>\n","protected":false},"author":3,"featured_media":1191351,"comment_status":"closed","ping_status":"closed","sticky":false,"template":"","format":"standard","meta":{"footnotes":""},"categories":[283],"tags":[],"class_list":["post-932799","post","type-post","status-publish","format-standard","has-post-thumbnail","hentry","category-blog-serra"],"_links":{"self":[{"href":"https:\/\/www.serra.immo\/ca\/wp-json\/wp\/v2\/posts\/932799","targetHints":{"allow":["GET"]}}],"collection":[{"href":"https:\/\/www.serra.immo\/ca\/wp-json\/wp\/v2\/posts"}],"about":[{"href":"https:\/\/www.serra.immo\/ca\/wp-json\/wp\/v2\/types\/post"}],"author":[{"embeddable":true,"href":"https:\/\/www.serra.immo\/ca\/wp-json\/wp\/v2\/users\/3"}],"replies":[{"embeddable":true,"href":"https:\/\/www.serra.immo\/ca\/wp-json\/wp\/v2\/comments?post=932799"}],"version-history":[{"count":2,"href":"https:\/\/www.serra.immo\/ca\/wp-json\/wp\/v2\/posts\/932799\/revisions"}],"predecessor-version":[{"id":1191352,"href":"https:\/\/www.serra.immo\/ca\/wp-json\/wp\/v2\/posts\/932799\/revisions\/1191352"}],"wp:featuredmedia":[{"embeddable":true,"href":"https:\/\/www.serra.immo\/ca\/wp-json\/wp\/v2\/media\/1191351"}],"wp:attachment":[{"href":"https:\/\/www.serra.immo\/ca\/wp-json\/wp\/v2\/media?parent=932799"}],"wp:term":[{"taxonomy":"category","embeddable":true,"href":"https:\/\/www.serra.immo\/ca\/wp-json\/wp\/v2\/categories?post=932799"},{"taxonomy":"post_tag","embeddable":true,"href":"https:\/\/www.serra.immo\/ca\/wp-json\/wp\/v2\/tags?post=932799"}],"curies":[{"name":"wp","href":"https:\/\/api.w.org\/{rel}","templated":true}]}}