{"id":927895,"date":"2021-04-12T10:10:06","date_gmt":"2021-04-12T09:10:06","guid":{"rendered":"https:\/\/serra.immo\/?p=927895"},"modified":"2024-08-23T14:54:36","modified_gmt":"2024-08-23T12:54:36","slug":"fer-fotos-per-vendre-una-casa-mes-rapid","status":"publish","type":"post","link":"https:\/\/www.serra.immo\/ca\/hacer-fotos-para-vender-una-casa-mas-rapido\/","title":{"rendered":"Com fer fotos per vendre una casa m\u00e9s r\u00e0pid"},"content":{"rendered":"<p>Diuen que una imatge val m\u00e9s que mil paraules. I m\u00e9s quan es tracta de captivar a primera vista. Si volem destacar al mercat immobiliari, haurem de saber fer fotos per vendre una casa m\u00e9s r\u00e0pid i marcar la difer\u00e8ncia. <strong>Aix\u00f2 ens permetr\u00e0 potenciar els seus punts forts per persuadir<\/strong> m\u00e9s r\u00e0pid al nostre potencial comprador. I, en conseq\u00fc\u00e8ncia, accelerar-ne la venda.<\/p>\n<p>Pots provar de fer-ho tu mateix o b\u00e9 comptar amb els <a href=\"https:\/\/www.serra.immo\/ca\/home-staging-com-vendre-un-pis-mes-rapid\/?utm_source=blog&amp;utm_medium=onsite&amp;utm_campaign=fotos_venta\" target=\"_blank\" rel=\"noopener noreferrer\"><strong>serveis professionals d&#039;home staging d&#039;una immobili\u00e0ria<\/strong><\/a> com Serra. En qualsevol cas, aquests consells us seran molt \u00fatils per poder fer bones fotografies que ajudin a millorar l&#039;aspecte de qualsevol rac\u00f3. T&#039;animes?<\/p>\n<h2>Com preparar una casa per a un reportatge fotogr\u00e0fic<\/h2>\n<p>Segueix aquests passos per planejar un bon reportatge fotogr\u00e0fic d\u00b4una casa o pis i aconseguir que destaqui per sobre de la resta.<\/p>\n<ol>\n<li><strong>Fes una posada a punt:<\/strong> repara qualsevol dany que es pugui veure en una ullada i que reste valor a l&#039;estat de manteniment de la casa.<\/li>\n<li><strong>Treu els objectes decoratius personals:<\/strong> crea un ambient totalment neutre perqu\u00e8 pugui encaixar amb qualsevol comprador.<\/li>\n<li><strong>Neteja i ordena la casa:<\/strong> deixa que entri la llum natural i treu tots els mobles innecessaris per guanyar sensaci\u00f3 despai.<\/li>\n<\/ol>\n<h2>Consells per fer fotos per vendre una casa m\u00e9s r\u00e0pid<\/h2>\n<p>Un cop tenim la <a href=\"https:\/\/www.serra.immo\/ca\/home-staging-com-vendre-un-pis-mes-rapid\/\">casa preparada per fer les fotografies<\/a>, ser\u00e0 moment de decidir quins espais volem potenciar i preparar els racons m\u00e9s especials.<\/p>\n<ul>\n<li><strong>Prepara la il\u00b7luminaci\u00f3:<\/strong> aprofita al m\u00e0xim la llum natural perqu\u00e8 l&#039;espai es vegi m\u00e9s ampli i llumin\u00f3s i enc\u00e9n llums als racons m\u00e9s foscos. Si no tens molta experi\u00e8ncia, la millor opci\u00f3 \u00e9s utilitzar el mode autom\u00e0tic de la c\u00e0mera, sempre sense flaix, i fer fotos en el moment del dia que entri m\u00e9s llum.<\/li>\n<li><strong>Fes un bon enquadrament:<\/strong> el punt de vista \u00e9s essencial per poder transmetre una sensaci\u00f3 de calidesa i llar. Et recomanem prendre les imatges des dels racons, aix\u00ed evitar\u00e0s que es cremi la imatge amb la llum directa de les finestres i el per\u00edmetre de les habitacions semblar\u00e0 m\u00e9s gran.<\/li>\n<\/ul>\n<p>*Si utilitzeu un tr\u00edpode les imatges quedaran m\u00e9s estables i seguiran un punt de vista natural que reflecteixi millor la realitat de l&#039;espai.<\/p>\n<h2>Com seleccionar les fotografies de l&#039;anunci de venda<\/h2>\n<p>Val m\u00e9s qualitat que quantitat. <strong>Trieu unes 25 imatges on es puguin veure un parell d&#039;enfocaments de cada habitaci\u00f3<\/strong> i altres del barri i exterior de la casa. Si disposeu d&#039;un pl\u00e0nol, tamb\u00e9 ho podeu afegir.<\/p>\n<p>Quan ja tingueu l&#039;elecci\u00f3 feta, haureu d&#039;escollir la imatge destacada de l&#039;habitatge. La finalitat daquest punt \u00e9s cridar al m\u00e0xim possible latenci\u00f3 de lusuari. Si vens un pis, el m\u00e9s habitual \u00e9s <strong>posar en primer lloc la imatge del menjador o la cuina.<\/strong> Ara b\u00e9, si veneu un xalet, podeu fer una fotografia de la fa\u00e7ana i part del jard\u00ed.<\/p>\n<p>Aquestes imatges han d&#039;estar penjades a internet de manera <strong>que tots els usuaris puguin consultar-les a trav\u00e9s dels portals immobiliaris<\/strong>, juntament amb un anunci on s&#039;especifiquen els punts forts d&#039;aquell habitatge.<\/p>\n<p>Si segueixes aquests tipus generar\u00e0s f\u00e0cilment un gran inter\u00e8s per part del teu p\u00fablic potencial, ja que en un obrir i tancar els ulls es podr\u00e0 imaginar vivint i gaudint al teu immoble.<\/p>\n<p>Ara b\u00e9, si prefereixes que ho fem per tu, no dubtis a <strong><a href=\"https:\/\/www.serra.immo\/ca\/contacte\/?utm_source=blog&amp;utm_medium=onsite&amp;utm_campaign=fotos_venta\" target=\"_blank\" rel=\"noopener noreferrer\">contactar amb nosaltres<\/a><\/strong>. Tenim un equip d&#039;agents immobiliaris a la vostra disposici\u00f3 per <strong>estalviar-te temps, diners i preocupacions.<\/strong> \u00bf<a href=\"https:\/\/www.serra.immo\/ca\/agent-immobiliari-avantatges-vendre-llogar\/\" target=\"_blank\" rel=\"noopener\">Qu\u00e8 esperes per vendre el teu immoble<\/a>?<\/p>","protected":false},"excerpt":{"rendered":"<p>Dicen que una imagen vale m\u00e1s que mil palabras. Y m\u00e1s cuando se trata de cautivar a primera vista. Si queremos destacar en el mercado inmobiliario, tendremos que saber hacer fotos para vender una casa m\u00e1s r\u00e1pido y marcar la diferencia. Esto nos permitir\u00e1 potenciar sus puntos fuertes para persuadir m\u00e1s r\u00e1pido a nuestro potencial [&hellip;]<\/p>\n","protected":false},"author":3,"featured_media":1191354,"comment_status":"closed","ping_status":"closed","sticky":false,"template":"","format":"standard","meta":{"footnotes":""},"categories":[279],"tags":[],"class_list":["post-927895","post","type-post","status-publish","format-standard","has-post-thumbnail","hentry","category-inmobiliariasssssss"],"_links":{"self":[{"href":"https:\/\/www.serra.immo\/ca\/wp-json\/wp\/v2\/posts\/927895","targetHints":{"allow":["GET"]}}],"collection":[{"href":"https:\/\/www.serra.immo\/ca\/wp-json\/wp\/v2\/posts"}],"about":[{"href":"https:\/\/www.serra.immo\/ca\/wp-json\/wp\/v2\/types\/post"}],"author":[{"embeddable":true,"href":"https:\/\/www.serra.immo\/ca\/wp-json\/wp\/v2\/users\/3"}],"replies":[{"embeddable":true,"href":"https:\/\/www.serra.immo\/ca\/wp-json\/wp\/v2\/comments?post=927895"}],"version-history":[{"count":2,"href":"https:\/\/www.serra.immo\/ca\/wp-json\/wp\/v2\/posts\/927895\/revisions"}],"predecessor-version":[{"id":1191355,"href":"https:\/\/www.serra.immo\/ca\/wp-json\/wp\/v2\/posts\/927895\/revisions\/1191355"}],"wp:featuredmedia":[{"embeddable":true,"href":"https:\/\/www.serra.immo\/ca\/wp-json\/wp\/v2\/media\/1191354"}],"wp:attachment":[{"href":"https:\/\/www.serra.immo\/ca\/wp-json\/wp\/v2\/media?parent=927895"}],"wp:term":[{"taxonomy":"category","embeddable":true,"href":"https:\/\/www.serra.immo\/ca\/wp-json\/wp\/v2\/categories?post=927895"},{"taxonomy":"post_tag","embeddable":true,"href":"https:\/\/www.serra.immo\/ca\/wp-json\/wp\/v2\/tags?post=927895"}],"curies":[{"name":"wp","href":"https:\/\/api.w.org\/{rel}","templated":true}]}}