{"id":88633,"date":"2019-08-13T06:33:56","date_gmt":"2019-08-13T06:33:56","guid":{"rendered":"https:\/\/serra.immo\/?p=88633"},"modified":"2019-08-13T06:33:56","modified_gmt":"2019-08-13T06:33:56","slug":"serra-renova-la-seva-col%c2%b7laboracio-amb-la-fundacio-sant-antoni-abat-de-vilanova","status":"publish","type":"post","link":"https:\/\/www.serra.immo\/ca\/serra-renueva-su-colaboracion-con-la-fundacio-sant-antoni-abat-de-vilanova\/","title":{"rendered":"Serra renova la col\u00b7laboraci\u00f3 amb la Fundaci\u00f3 Sant Antoni Abat de Vilanova"},"content":{"rendered":"<p>[:es]Serra Grup Immobiliari ha renovado su colaboraci\u00f3n con la Fundaci\u00f3 Sant Antoni Abat de Vilanova i la Geltr\u00fa. De este modo, <strong>la empresa se compromete de nuevo a hacer una aportaci\u00f3n econ\u00f3mica a la entidad <\/strong>con el fin que pueda desarrollar sus actividades sociales. El contrato que han firmado Serra y la entidad tiene una vigencia de cuatro a\u00f1os y renueva lo que es ya una larga trayectoria de colaboraci\u00f3n.<\/p>\n<p>La Fundaci\u00f3 Sant Antoni Abat es una entidad sin \u00e1nimo de lucro que se dedica a la gesti\u00f3n, el apoyo y el desarrollo de proyectos de b\u00fasqueda e innovaci\u00f3n en el<strong> \u00e1mbito social y de la salud<\/strong> para mejorar la vida de las personas, especialmente en Vilanova i la Geltr\u00fa y en el conjunto del Garraf. <strong>Serra apuesta por este modelo de trabajo solidario <\/strong>y altruista hacia los m\u00e1s necesitados.<\/p>\n<p>La vinculaci\u00f3n de la familia Serra con el Hospital de Sant Antoni Abat y, posteriormente, con la Fundaci\u00f3 proviene de la<strong> figura de Lalo<\/strong>, imagen gr\u00e1fica de la entidad i personaje interpretado en los a\u00f1os 40 por Josep Antoni Serra Alsina, abuelo del actual propietario de Serra Grup Immobiliari. Lalo recog\u00eda donaciones para el centro hospitalario a trav\u00e9s de parodiar el d\u00eda a d\u00eda de la ciudad en la radio. <strong>La Fundaci\u00f3n, ahora, sigue con la labor que inici\u00f3 Serra Alsina hace m\u00e1s de medio siglo<\/strong>.[:ca]Serra Grup Immobiliari ha renovat la seva col\u00b7laboraci\u00f3 amb la Fundaci\u00f3 Sant Antoni Abat de Vilanova i la Geltr\u00fa. D\u2019aquesta manera, <strong>l\u2019empresa es compromet de nou a fer una aportaci\u00f3 econ\u00f2mica a l\u2019entitat<\/strong> per tal que pugui desenvolupar les seves activitats socials. El contracte que han signat Serra i l\u2019entitat t\u00e9 una vig\u00e8ncia de quatre anys i renova el que ja \u00e9s una llarga traject\u00f2ria de col\u00b7laboraci\u00f3.<\/p>\n<p>La Fundaci\u00f3 Sant Antoni Abat \u00e9s una entitat sense \u00e0nim de lucre que es dedica a la gesti\u00f3, el suport i el desenvolupament de projectes de cerca i innovaci\u00f3 en l\u2019<strong>\u00e0mbit social i de la salut <\/strong>per millorar la qualitat de vida de les persones, especialment a Vilanova i la Geltr\u00fa i al conjunt del Garraf. <strong>Serra aposta per aquest model de treball solidari<\/strong> i altruista cap als m\u00e9s necessitats.<\/p>\n<p>La vinculaci\u00f3 de la fam\u00edlia Serra amb l\u2019Hospital de Sant Antoni Abat i, posteriorment, amb la Fundaci\u00f3 prov\u00e9 de la <strong>figura del Lalo<\/strong>, imatge gr\u00e0fica representativa de l\u2019entitat i personatge interpretat als anys 40 per en Josep Antoni Serra Alsina, avi de l\u2019actual propietari de Serra Grup Immobiliari. En Lalo recollia donatius per al centre hospitalari vilanov\u00ed a trav\u00e9s de parodiar el dia a dia de la vila a la r\u00e0dio. <strong>La Fundaci\u00f3, ara, continua la tasca que va iniciar Serra Alsina fa m\u00e9s de mig segle<\/strong>.[:]<\/p>\n","protected":false},"excerpt":{"rendered":"<p>[:es]Serra Grup Immobiliari ha renovado su colaboraci\u00f3n con la Fundaci\u00f3 Sant Antoni Abat de Vilanova i la Geltr\u00fa. De este modo, la empresa se compromete de nuevo a hacer una aportaci\u00f3n econ\u00f3mica a la entidad con el fin que pueda desarrollar sus actividades sociales. El contrato que han firmado Serra y la entidad tiene una [&hellip;]<\/p>\n","protected":false},"author":3,"featured_media":90049,"comment_status":"closed","ping_status":"closed","sticky":false,"template":"","format":"standard","meta":{"footnotes":""},"categories":[277],"tags":[],"class_list":["post-88633","post","type-post","status-publish","format-standard","has-post-thumbnail","hentry","category-actualidad"],"_links":{"self":[{"href":"https:\/\/www.serra.immo\/ca\/wp-json\/wp\/v2\/posts\/88633","targetHints":{"allow":["GET"]}}],"collection":[{"href":"https:\/\/www.serra.immo\/ca\/wp-json\/wp\/v2\/posts"}],"about":[{"href":"https:\/\/www.serra.immo\/ca\/wp-json\/wp\/v2\/types\/post"}],"author":[{"embeddable":true,"href":"https:\/\/www.serra.immo\/ca\/wp-json\/wp\/v2\/users\/3"}],"replies":[{"embeddable":true,"href":"https:\/\/www.serra.immo\/ca\/wp-json\/wp\/v2\/comments?post=88633"}],"version-history":[{"count":0,"href":"https:\/\/www.serra.immo\/ca\/wp-json\/wp\/v2\/posts\/88633\/revisions"}],"wp:featuredmedia":[{"embeddable":true,"href":"https:\/\/www.serra.immo\/ca\/wp-json\/"}],"wp:attachment":[{"href":"https:\/\/www.serra.immo\/ca\/wp-json\/wp\/v2\/media?parent=88633"}],"wp:term":[{"taxonomy":"category","embeddable":true,"href":"https:\/\/www.serra.immo\/ca\/wp-json\/wp\/v2\/categories?post=88633"},{"taxonomy":"post_tag","embeddable":true,"href":"https:\/\/www.serra.immo\/ca\/wp-json\/wp\/v2\/tags?post=88633"}],"curies":[{"name":"wp","href":"https:\/\/api.w.org\/{rel}","templated":true}]}}