{"id":742027,"date":"2020-09-24T18:03:06","date_gmt":"2020-09-24T17:03:06","guid":{"rendered":"https:\/\/serra.immo\/?p=742027"},"modified":"2020-09-24T18:03:06","modified_gmt":"2020-09-24T17:03:06","slug":"llei-limitar-preu-lloguer","status":"publish","type":"post","link":"https:\/\/www.serra.immo\/ca\/ley-limitar-precio-alquiler\/","title":{"rendered":"Entra en vigor la llei per limitar el preu del lloguer a Catalunya"},"content":{"rendered":"<p>[:es]El Parlament ha aprobado la <strong>Ley de medidas urgentes en materia de contenci\u00f3n de rentas en los contratos de arrendamiento de vivienda<\/strong> con el objetivo de regular los precios de los nuevos contratos en las \u00e1reas donde hay riesgo de abastecimiento suficiente de vivienda de alquiler asequible.<\/p>\n<p>Seg\u00fan dicta esta ley, <strong>el precio del contrato de arrendamiento no podr\u00e1 aumentar respecto al contrato anterior<\/strong> &#8211; si fue firmado en los \u00faltimos cinco a\u00f1os &#8211; y no podr\u00e1 superar el \u00edndice de referencia de los precios de la Generalitat.<\/p>\n<h2>\u00bfAfecta a Vilafranca del Pened\u00e8s y Vilanova i la Geltr\u00fa?<\/h2>\n<p>La ley se aplica a todas aquellas <strong>viviendas destinadas a residencias permanentes ubicados en municipios de &#8220;mercado tensos&#8221;<\/strong>.\u00a0 As\u00ed es como se conoce a las zonas donde la carga para el pago del alquiler supera el 30% de la media de los ingresos familiares.<\/p>\n<p>De manera transitoria, se han incluido en este listado un total de<strong> 60 poblaciones catalanas con m\u00e1s de 20.000 habitantes<\/strong>, entre las que se encuentran Vilafranca del Pened\u00e8s y Vilanova y la Geltr\u00fa.<\/p>\n<p><img fetchpriority=\"high\" decoding=\"async\" class=\"aligncenter wp-image-742331 size-large\" src=\"https:\/\/serra.immo\/wp-content\/uploads\/2020\/09\/4-680x680.jpg\" alt=\"Municipios ley proteccion del alquiler\" width=\"525\" height=\"525\" title=\"\"><\/p>\n<h2>\u00bfExisten excepciones?<\/h2>\n<p>Est\u00e1n excluidos de la aplicaci\u00f3n de esta ley los siguientes tipos arrendamientos en viviendas:<\/p>\n<ul>\n<li>Arrendadas<strong> antes del d\u00eda 1 de enero<\/strong> de 1995.<\/li>\n<li>Sujetas a un <strong>R\u00e9gimen de Protecci\u00f3n Oficial (VPO).<\/strong><\/li>\n<li>Integradas en redes p\u00fablicas de<strong> inserci\u00f3n o de mediaci\u00f3n<\/strong> para el alquiler social o en el <strong>Fondo de vivienda social.<\/strong><\/li>\n<li>Arrendadas como <strong>alquiler social obligatorio.<\/strong><\/li>\n<\/ul>\n<h2>\u00bfC\u00f3mo afectar\u00e1 a las viviendas reformadas o de nueva construcci\u00f3n?<\/h2>\n<p>La ley es diferente en el caso de las viviendas de nueva edificaci\u00f3n o de las viviendas resultantes de un proceso de gran rehabilitaci\u00f3n. En este caso, <strong>la aplicaci\u00f3n del r\u00e9gimen de contenci\u00f3n de rentas entrar\u00e1 en vigor en el plazo de 3 a\u00f1os<\/strong> a contar desde la entrada en vigor de la presente ley .<\/p>\n<h2>\u00bfQu\u00e9 penalizaci\u00f3n tiene el incumplimiento de la ley?<\/h2>\n<p>Seg\u00fan ha informado la Generalitat, <strong>las infracciones pueden ser leves y graves, con multas de entre 3.000 y 90.000 euros<\/strong>. Por ejemplo, el arrendamiento por encima del precio del \u00cdndice, falsear el precio de referencia o no adjuntarlo en el contrato implica sanciones leves.[:ca]El Parlament ha aprovat la <strong>Llei de mesures urgents en mat\u00e8ria de contenci\u00f3 de rendes en els contractes d&#8217;arrendament d&#8217;habitatge<\/strong> amb l&#8217;objectiu de regular els preus dels nous contractes en les \u00e0rees on hi ha risc de prove\u00efment suficient d&#8217;habitatge de lloguer assequible.<\/p>\n<p>Segons dicta aquesta llei, <strong>el preu del contracte d&#8217;arrendament no podr\u00e0 augmentar respecte al contracte anterior<\/strong> &#8211; si va ser firmat en els \u00faltims cinc anys &#8211; i no podr\u00e0 superar l&#8217;\u00edndex de refer\u00e8ncia dels preus de la Generalitat.<\/p>\n<h2>Afecta a Vilafranca del Penede\u0300s i Vilanova i la Geltru\u0301?<\/h2>\n<p>La llei s&#8217;aplica a tots aquells <strong>habitatges destinats a resid\u00e8ncies permanents ubicats a municipis de \u201cmercat tens\u201d<\/strong>, on la c\u00e0rrega per al pagament del lloguer supera el 30% de la mitjana dels ingressos familiars. De manera transit\u00f2ria, s\u2019han incl\u00f2s en aquest llistat un total de <strong>60 poblacions catalanes amb m\u00e9s de 20.000 habitants<\/strong>, entre les quals es troben Vilafranca del Pened\u00e8s i Vilanova i la Geltr\u00fa.<\/p>\n<h2>Existeixen excepcions?<\/h2>\n<p>Estan exclosos de l\u2019aplicacio\u0301 d\u2019aquesta llei els segu\u0308ents tipus arrendaments d&#8217;habitatges:<\/p>\n<ul>\n<li><strong>Arrendats abans del dia 1 de gener<\/strong> de 1995.<\/li>\n<li><strong>Subjectes a un Re\u0300gim de Proteccio\u0301 Oficial (HPO<\/strong>).<\/li>\n<li><strong>Integrats en xarxes pu\u0301bliques d\u2019insercio\u0301 o de mediacio\u0301<\/strong> pel lloguer social o en el Fons d\u2019habitatge social.<\/li>\n<li><strong>Arrendats com a lloguer social obligatori.<\/strong><\/li>\n<\/ul>\n<h2>Com afecta als habitatges reformats o de nova construcci\u00f3?<\/h2>\n<p>En el cas dels habitatges de nova edificaci\u00f3 o dels habitatges resultants d&#8217;un proce\u0301s de gran rehabilitacio\u0301, <strong>l&#8217;aplicacio\u0301 del re\u0300gim de contencio\u0301 de rendes entrara\u0300 en vigor en el termini de 3 anys<\/strong> a comptar de l&#8217;entrada en vigor de la llei present.<\/p>\n<h2>Com es penalitzar\u00e0 l\u2019incompliment de la llei?<\/h2>\n<p>Segons ha informat la Generalitat, <strong>les infraccions poden ser lleus i greus, amb multes d\u2019entre 3.000 i 90.000 euros<\/strong>. Per exemple, l\u2019arrendament per sobre del preu de l\u2019\u00cdndex, falsejar el preu de refer\u00e8ncia o no adjuntar-lo al contracte implica sancions lleus.[:]<\/p>\n","protected":false},"excerpt":{"rendered":"<p>[:es]El Parlament ha aprobado la Ley de medidas urgentes en materia de contenci\u00f3n de rentas en los contratos de arrendamiento de vivienda con el objetivo de regular los precios de los nuevos contratos en las \u00e1reas donde hay riesgo de abastecimiento suficiente de vivienda de alquiler asequible. Seg\u00fan dicta esta ley, el precio del contrato [&hellip;]<\/p>\n","protected":false},"author":3,"featured_media":742029,"comment_status":"closed","ping_status":"closed","sticky":false,"template":"","format":"standard","meta":{"footnotes":""},"categories":[283],"tags":[],"class_list":["post-742027","post","type-post","status-publish","format-standard","has-post-thumbnail","hentry","category-blog-serra"],"_links":{"self":[{"href":"https:\/\/www.serra.immo\/ca\/wp-json\/wp\/v2\/posts\/742027","targetHints":{"allow":["GET"]}}],"collection":[{"href":"https:\/\/www.serra.immo\/ca\/wp-json\/wp\/v2\/posts"}],"about":[{"href":"https:\/\/www.serra.immo\/ca\/wp-json\/wp\/v2\/types\/post"}],"author":[{"embeddable":true,"href":"https:\/\/www.serra.immo\/ca\/wp-json\/wp\/v2\/users\/3"}],"replies":[{"embeddable":true,"href":"https:\/\/www.serra.immo\/ca\/wp-json\/wp\/v2\/comments?post=742027"}],"version-history":[{"count":0,"href":"https:\/\/www.serra.immo\/ca\/wp-json\/wp\/v2\/posts\/742027\/revisions"}],"wp:featuredmedia":[{"embeddable":true,"href":"https:\/\/www.serra.immo\/ca\/wp-json\/"}],"wp:attachment":[{"href":"https:\/\/www.serra.immo\/ca\/wp-json\/wp\/v2\/media?parent=742027"}],"wp:term":[{"taxonomy":"category","embeddable":true,"href":"https:\/\/www.serra.immo\/ca\/wp-json\/wp\/v2\/categories?post=742027"},{"taxonomy":"post_tag","embeddable":true,"href":"https:\/\/www.serra.immo\/ca\/wp-json\/wp\/v2\/tags?post=742027"}],"curies":[{"name":"wp","href":"https:\/\/api.w.org\/{rel}","templated":true}]}}