{"id":620581,"date":"2020-09-03T13:08:49","date_gmt":"2020-09-03T12:08:49","guid":{"rendered":"https:\/\/serra.immo\/?p=620581"},"modified":"2024-12-24T13:42:50","modified_gmt":"2024-12-24T12:42:50","slug":"on-perque-viure-costa-garraf","status":"publish","type":"post","link":"https:\/\/www.serra.immo\/ca\/donde-por-que-vivir-costa-garraf\/","title":{"rendered":"On i per qu\u00e8 viure a la costa del Garraf"},"content":{"rendered":"<p>Entre llargues platges banyades pel mar Mediterrani i massisses muntanyes poblades de pins imponents, trobem la comarca del Garraf. Sens dubte, <strong>un dels llocs m\u00e9s singulars on viure a la costa catalana<\/strong>.<\/p>\n<p>Ubicada a poc m\u00e9s de 30 quil\u00f2metres de Barcelona, aquesta meravellosa comarca ofereix als seus habitants un <strong>equilibri perfecte entre la vida cosmopolita i la tranquil\u00b7litat del camp<\/strong>. Ja que la influ\u00e8ncia del m\u00f3n rural continua tenint un paper destacat en tots els detalls que envolten la quotidianitat.<\/p>\n<p>Municipis del Garraf com <strong>Vilanova i la Geltr\u00fa, Sitges o Cubelles<\/strong> s\u00f3n nom\u00e9s algunes de les destinacions per les quals cada dia opten m\u00e9s fam\u00edlies que volen sortir de l&#039;enrenou de la ciutat comtal sense perdre el vincle diari amb la capital.<\/p>\n<h2>Viure a prop de Barcelona entre mar i muntanya<\/h2>\n<p>La <strong>gastronomia, l&#039;arquitectura i les festes populars com el carnestoltes<\/strong> s\u00f3n un clar reflex de les arrels que van donar lloc a una vida comarcal tan \u00fanica com peculiar, que va saber mantenir la seva ess\u00e8ncia amb el pas del temps. I no nom\u00e9s aix\u00f2, sin\u00f3 que en va fer un valor diferencial convertint-la en el seu principal reclam tur\u00edstic i cultural.<\/p>\n<p>La costa del Garraf tamb\u00e9 ofereix un parc natural amb una de les reserves biol\u00f2giques m\u00e9s importants de Catalunya, on <strong>practicar senderisme o fer rutes amb bicicleta<\/strong> gaudint en fam\u00edlia del cap de setmana. A m\u00e9s, aquesta privilegiada comarca compta amb <strong>un clima excepcional<\/strong>. Que, sumat a tot aix\u00f2, fa que viure-hi es converteixi en una experi\u00e8ncia inigualable ja sigui gaudint del mar o la muntanya.<\/p>\n<h2>Millors pobles per viure davant del mar<\/h2>\n<h3><strong>Vilanova i la Geltr\u00fa<\/strong><\/h3>\n<p>A mig cam\u00ed entre Barcelona i Tarragona trobem la <strong>capital de comarca<\/strong>: Vilanova i la Geltr\u00fa. Un preci\u00f3s municipi mediterrani amb un ric <strong>patrimoni cultural i arquitect\u00f2nic<\/strong> que revelen la singularitat de lentorn. Com les restes de l&#039;antiga vila iberoromana Adarr\u00f3, el preci\u00f3s Xalet del Nin i l&#039;ermita de Sant Gervasi, o la <strong>Torre Blava o de Ribes Roges<\/strong> que formaven l&#039;imponent recinte fortificat de la Marina vilanovina.<\/p>\n<p>Per\u00f2 all\u00f2 que destaca per sobre de tot \u00e9s el <strong>carnestoltes de Vilanova i la Geltr\u00fa<\/strong>. Una celebraci\u00f3 popular llegend\u00e0ria, centrada en la s\u00e0tira, que ha estat reconeguda com a Festa Patrimonial d&#039;Inter\u00e8s General per la Generalitat de Catalunya.<\/p>\n<blockquote class=\"instagram-media\" style=\"background: #FFF; border: 0; border-radius: 3px; box-shadow: 0 0 1px 0 rgba(0,0,0,0.5),0 1px 10px 0 rgba(0,0,0,0.15); margin: 1px; max-width: 540px; min-width: 326px; padding: 0; width: calc(100% - 2px);\" data-instgrm-permalink=\"https:\/\/www.instagram.com\/p\/CD-wRCklc1G\/?utm_source=ig_embed&amp;utm_campaign=loading\" data-instgrm-version=\"12\">\n<div style=\"padding: 16px;\">\n<div style=\"display: flex; flex-direction: row; align-items: center;\">\n<div style=\"background-color: #f4f4f4; border-radius: 50%; flex-grow: 0; height: 40px; margin-right: 14px; width: 40px;\"><\/div>\n<div style=\"display: flex; flex-direction: column; flex-grow: 1; justify-content: center;\">\n<div style=\"background-color: #f4f4f4; border-radius: 4px; flex-grow: 0; height: 14px; margin-bottom: 6px; width: 100px;\"><\/div>\n<div style=\"background-color: #f4f4f4; border-radius: 4px; flex-grow: 0; height: 14px; width: 60px;\"><\/div>\n<\/div>\n<\/div>\n<div style=\"padding: 19% 0;\"><\/div>\n<div style=\"display: block; height: 50px; margin: 0 auto 12px; width: 50px;\"><\/div>\n<div style=\"padding-top: 8px;\">\n<div style=\"color: #3897f0; font-family: Arial,sans-serif; font-size: 14px; font-style: normal; font-weight: 550; line-height: 18px;\">Veure aquesta publicaci\u00f3 a Instagram<\/div>\n<\/div>\n<div style=\"padding: 12.5% 0;\"><\/div>\n<div style=\"display: flex; flex-direction: row; margin-bottom: 14px; align-items: center;\">\n<div>\n<div style=\"background-color: #f4f4f4; border-radius: 50%; height: 12.5px; width: 12.5px; transform: translateX(0px) translateY(7px);\"><\/div>\n<div style=\"background-color: #f4f4f4; height: 12.5px; transform: rotate(-45deg) translateX(3px) translateY(1px); width: 12.5px; flex-grow: 0; margin-right: 14px; margin-left: 2px;\"><\/div>\n<div style=\"background-color: #f4f4f4; border-radius: 50%; height: 12.5px; width: 12.5px; transform: translateX(9px) translateY(-18px);\"><\/div>\n<\/div>\n<div style=\"margin-left: 8px;\">\n<div style=\"background-color: #f4f4f4; border-radius: 50%; flex-grow: 0; height: 20px; width: 20px;\"><\/div>\n<div style=\"width: 0; height: 0; border-top: 2px solid transparent; border-left: 6px solid #f4f4f4; border-bottom: 2px solid transparent; transform: translateX(16px) translateY(-4px) rotate(30deg);\"><\/div>\n<\/div>\n<div style=\"margin-left: auto;\">\n<div style=\"width: 0px; border-top: 8px solid #F4F4F4; border-right: 8px solid transparent; transform: translateY(16px);\"><\/div>\n<div style=\"background-color: #f4f4f4; flex-grow: 0; height: 12px; width: 16px; transform: translateY(-4px);\"><\/div>\n<div style=\"width: 0; height: 0; border-top: 8px solid #F4F4F4; border-left: 8px solid transparent; transform: translateY(-4px) translateX(8px);\"><\/div>\n<\/div>\n<\/div>\n<div style=\"display: flex; flex-direction: column; flex-grow: 1; justify-content: center; margin-bottom: 24px;\">\n<div style=\"background-color: #f4f4f4; border-radius: 4px; flex-grow: 0; height: 14px; margin-bottom: 6px; width: 224px;\"><\/div>\n<div style=\"background-color: #f4f4f4; border-radius: 4px; flex-grow: 0; height: 14px; width: 144px;\"><\/div>\n<\/div>\n<p style=\"color: #c9c8cd; font-family: Arial,sans-serif; font-size: 14px; line-height: 17px; margin-bottom: 0; margin-top: 8px; overflow: hidden; padding: 8px 0 7px; text-align: center; text-overflow: ellipsis; white-space: nowrap;\"><a style=\"color: #c9c8cd; font-family: Arial,sans-serif; font-size: 14px; font-style: normal; font-weight: normal; line-height: 17px; text-decoration: none;\" href=\"https:\/\/www.instagram.com\/p\/CD-wRCklc1G\/?utm_source=ig_embed&amp;utm_campaign=loading\" target=\"_blank\" rel=\"noopener noreferrer\">Una publicaci\u00f3 compartida de VilanovaTurisme (@vilanovaturisme)<\/a> el <time style=\"font-family: Arial,sans-serif; font-size: 14px; line-height: 17px;\" datetime=\"2020-08-17T06:34:19+00:00\">16 Ago, 2020 a les 11:34 PDT<\/time><\/p>\n<\/div>\n<\/blockquote>\n<p><script async src=\"\/\/www.instagram.com\/embed.js\"><\/script><\/p>\n<p>Les zones que et recomanem per <strong><a href=\"https:\/\/www.serra.immo\/ca\/cases-venda-vilanova-i-la-geltru\/\" target=\"_blank\" rel=\"noopener noreferrer\">comprar una casa a Vilanova i la Geltr\u00fa<\/a><\/strong> s\u00f3n el barri de <strong>Centrevila<\/strong>, entre pintorescs carrers d&#039;estil medieval i una meravellosa rambla plena de vitalitat, o <strong>Sant Joan \u2013 Mol\u00ed de Vent<\/strong>. Una zona c\u00e8ntrica, molt menys transitada, perfecta per gaudir de la tranquil\u00b7litat de les zones verdes.<\/p>\n<blockquote class=\"instagram-media\" style=\"background: #FFF; border: 0; border-radius: 3px; box-shadow: 0 0 1px 0 rgba(0,0,0,0.5),0 1px 10px 0 rgba(0,0,0,0.15); margin: 1px; max-width: 540px; min-width: 326px; padding: 0; width: calc(100% - 2px);\" data-instgrm-permalink=\"https:\/\/www.instagram.com\/p\/CCu8lQCl2vG\/?utm_source=ig_embed&amp;utm_campaign=loading\" data-instgrm-version=\"12\">\n<div style=\"padding: 16px;\">\n<div style=\"display: flex; flex-direction: row; align-items: center;\">\n<div style=\"background-color: #f4f4f4; border-radius: 50%; flex-grow: 0; height: 40px; margin-right: 14px; width: 40px;\"><\/div>\n<div style=\"display: flex; flex-direction: column; flex-grow: 1; justify-content: center;\">\n<div style=\"background-color: #f4f4f4; border-radius: 4px; flex-grow: 0; height: 14px; margin-bottom: 6px; width: 100px;\"><\/div>\n<div style=\"background-color: #f4f4f4; border-radius: 4px; flex-grow: 0; height: 14px; width: 60px;\"><\/div>\n<\/div>\n<\/div>\n<div style=\"padding: 19% 0;\"><\/div>\n<div style=\"display: block; height: 50px; margin: 0 auto 12px; width: 50px;\"><\/div>\n<div style=\"padding-top: 8px;\">\n<div style=\"color: #3897f0; font-family: Arial,sans-serif; font-size: 14px; font-style: normal; font-weight: 550; line-height: 18px;\">Veure aquesta publicaci\u00f3 a Instagram<\/div>\n<\/div>\n<div style=\"padding: 12.5% 0;\"><\/div>\n<div style=\"display: flex; flex-direction: row; margin-bottom: 14px; align-items: center;\">\n<div>\n<div style=\"background-color: #f4f4f4; border-radius: 50%; height: 12.5px; width: 12.5px; transform: translateX(0px) translateY(7px);\"><\/div>\n<div style=\"background-color: #f4f4f4; height: 12.5px; transform: rotate(-45deg) translateX(3px) translateY(1px); width: 12.5px; flex-grow: 0; margin-right: 14px; margin-left: 2px;\"><\/div>\n<div style=\"background-color: #f4f4f4; border-radius: 50%; height: 12.5px; width: 12.5px; transform: translateX(9px) translateY(-18px);\"><\/div>\n<\/div>\n<div style=\"margin-left: 8px;\">\n<div style=\"background-color: #f4f4f4; border-radius: 50%; flex-grow: 0; height: 20px; width: 20px;\"><\/div>\n<div style=\"width: 0; height: 0; border-top: 2px solid transparent; border-left: 6px solid #f4f4f4; border-bottom: 2px solid transparent; transform: translateX(16px) translateY(-4px) rotate(30deg);\"><\/div>\n<\/div>\n<div style=\"margin-left: auto;\">\n<div style=\"width: 0px; border-top: 8px solid #F4F4F4; border-right: 8px solid transparent; transform: translateY(16px);\"><\/div>\n<div style=\"background-color: #f4f4f4; flex-grow: 0; height: 12px; width: 16px; transform: translateY(-4px);\"><\/div>\n<div style=\"width: 0; height: 0; border-top: 8px solid #F4F4F4; border-left: 8px solid transparent; transform: translateY(-4px) translateX(8px);\"><\/div>\n<\/div>\n<\/div>\n<div style=\"display: flex; flex-direction: column; flex-grow: 1; justify-content: center; margin-bottom: 24px;\">\n<div style=\"background-color: #f4f4f4; border-radius: 4px; flex-grow: 0; height: 14px; margin-bottom: 6px; width: 224px;\"><\/div>\n<div style=\"background-color: #f4f4f4; border-radius: 4px; flex-grow: 0; height: 14px; width: 144px;\"><\/div>\n<\/div>\n<p style=\"color: #c9c8cd; font-family: Arial,sans-serif; font-size: 14px; line-height: 17px; margin-bottom: 0; margin-top: 8px; overflow: hidden; padding: 8px 0 7px; text-align: center; text-overflow: ellipsis; white-space: nowrap;\"><a style=\"color: #c9c8cd; font-family: Arial,sans-serif; font-size: 14px; font-style: normal; font-weight: normal; line-height: 17px; text-decoration: none;\" href=\"https:\/\/www.instagram.com\/p\/CCu8lQCl2vG\/?utm_source=ig_embed&amp;utm_campaign=loading\" target=\"_blank\" rel=\"noopener noreferrer\">Una publicaci\u00f3 compartida de VilanovaTurisme (@vilanovaturisme)<\/a> el <time style=\"font-family: Arial,sans-serif; font-size: 14px; line-height: 17px;\" datetime=\"2020-07-17T06:42:42+00:00\">16 Jul, 2020 a les 11:42 PDT<\/time><\/p>\n<\/div>\n<\/blockquote>\n<p><script async src=\"\/\/www.instagram.com\/embed.js\"><\/script><\/p>\n<p>Si per contra, all\u00f2 que necessites \u00e9s una bona connexi\u00f3 amb la capital per temes laborals, et recomanem el barri de <strong>Les Casernes \u2013 Sant Jordi o la zona nord.<\/strong> Aquesta zona est\u00e0 perfectament connectada amb la xarxa de transport p\u00fablic de Barcelona.<\/p>\n<p>Descobreix m\u00e9s sobre Vilanova i les nostres propietats disponibles a les nostres oficines locals:<\/p>\n<ul>\n<li><strong><a href=\"https:\/\/www.serra.immo\/ca\/immobiliaria-serra-vilanova-i-la-geltru-central\/\" target=\"_new\" rel=\"noopener\">Oficina Central \u2013 Vilanova i la Geltr\u00fa<\/a><\/strong><\/li>\n<li><strong><a href=\"https:\/\/www.serra.immo\/ca\/immobiliaria-serra-vilanova-i-la-geltru\/\" target=\"_new\" rel=\"noopener\">Oficina Rambla \u2013 Vilanova i la Geltr\u00fa<\/a><\/strong><\/li>\n<\/ul>\n<p>O tamb\u00e9 pots visitar <span style=\"color: #3366ff;\"><a style=\"color: #3366ff;\" href=\"https:\/\/www.serra.immo\/ca\/pisos-en-venda-a-vilanova-i-la-geltru\/\">els nostres pisos a Vilanova i la Geltr\u00fa.<\/a><\/span><\/p>\n<h3><strong>Sitges<\/strong><\/h3>\n<p>Entre els <strong>antics pobles pesquers m\u00e9s bonics de la costa de Barcelona<\/strong> en destaca un per excel\u00b7l\u00e8ncia: Sitges, per a molts, la joia de la comarca. Ja sigui per les precioses platges de sorra fina o la seva influ\u00e8ncia colonial, aquest municipi ha captivat el cor d&#039;artistes de totes les \u00e8poques i generacions. <strong>El ritme dels seus carrers i la distingida arquitectura del segle XIX<\/strong>, ha convertit \u201cla ciutat blanca\u201d en un empla\u00e7ament idoni per celebrar festivals de cinema internacionals o gaudir del Carnaval.<\/p>\n<blockquote class=\"instagram-media\" style=\"background: #FFF; border: 0; border-radius: 3px; box-shadow: 0 0 1px 0 rgba(0,0,0,0.5),0 1px 10px 0 rgba(0,0,0,0.15); margin: 1px; max-width: 540px; min-width: 326px; padding: 0; width: calc(100% - 2px);\" data-instgrm-permalink=\"https:\/\/www.instagram.com\/p\/B_nizxqFe0D\/?utm_source=ig_embed&amp;utm_campaign=loading\" data-instgrm-version=\"12\">\n<div style=\"padding: 16px;\">\n<div style=\"display: flex; flex-direction: row; align-items: center;\">\n<div style=\"background-color: #f4f4f4; border-radius: 50%; flex-grow: 0; height: 40px; margin-right: 14px; width: 40px;\"><\/div>\n<div style=\"display: flex; flex-direction: column; flex-grow: 1; justify-content: center;\">\n<div style=\"background-color: #f4f4f4; border-radius: 4px; flex-grow: 0; height: 14px; margin-bottom: 6px; width: 100px;\"><\/div>\n<div style=\"background-color: #f4f4f4; border-radius: 4px; flex-grow: 0; height: 14px; width: 60px;\"><\/div>\n<\/div>\n<\/div>\n<div style=\"padding: 19% 0;\"><\/div>\n<div style=\"display: block; height: 50px; margin: 0 auto 12px; width: 50px;\"><\/div>\n<div style=\"padding-top: 8px;\">\n<div style=\"color: #3897f0; font-family: Arial,sans-serif; font-size: 14px; font-style: normal; font-weight: 550; line-height: 18px;\">Veure aquesta publicaci\u00f3 a Instagram<\/div>\n<\/div>\n<div style=\"padding: 12.5% 0;\"><\/div>\n<div style=\"display: flex; flex-direction: row; margin-bottom: 14px; align-items: center;\">\n<div>\n<div style=\"background-color: #f4f4f4; border-radius: 50%; height: 12.5px; width: 12.5px; transform: translateX(0px) translateY(7px);\"><\/div>\n<div style=\"background-color: #f4f4f4; height: 12.5px; transform: rotate(-45deg) translateX(3px) translateY(1px); width: 12.5px; flex-grow: 0; margin-right: 14px; margin-left: 2px;\"><\/div>\n<div style=\"background-color: #f4f4f4; border-radius: 50%; height: 12.5px; width: 12.5px; transform: translateX(9px) translateY(-18px);\"><\/div>\n<\/div>\n<div style=\"margin-left: 8px;\">\n<div style=\"background-color: #f4f4f4; border-radius: 50%; flex-grow: 0; height: 20px; width: 20px;\"><\/div>\n<div style=\"width: 0; height: 0; border-top: 2px solid transparent; border-left: 6px solid #f4f4f4; border-bottom: 2px solid transparent; transform: translateX(16px) translateY(-4px) rotate(30deg);\"><\/div>\n<\/div>\n<div style=\"margin-left: auto;\">\n<div style=\"width: 0px; border-top: 8px solid #F4F4F4; border-right: 8px solid transparent; transform: translateY(16px);\"><\/div>\n<div style=\"background-color: #f4f4f4; flex-grow: 0; height: 12px; width: 16px; transform: translateY(-4px);\"><\/div>\n<div style=\"width: 0; height: 0; border-top: 8px solid #F4F4F4; border-left: 8px solid transparent; transform: translateY(-4px) translateX(8px);\"><\/div>\n<\/div>\n<\/div>\n<div style=\"display: flex; flex-direction: column; flex-grow: 1; justify-content: center; margin-bottom: 24px;\">\n<div style=\"background-color: #f4f4f4; border-radius: 4px; flex-grow: 0; height: 14px; margin-bottom: 6px; width: 224px;\"><\/div>\n<div style=\"background-color: #f4f4f4; border-radius: 4px; flex-grow: 0; height: 14px; width: 144px;\"><\/div>\n<\/div>\n<p style=\"color: #c9c8cd; font-family: Arial,sans-serif; font-size: 14px; line-height: 17px; margin-bottom: 0; margin-top: 8px; overflow: hidden; padding: 8px 0 7px; text-align: center; text-overflow: ellipsis; white-space: nowrap;\"><a style=\"color: #c9c8cd; font-family: Arial,sans-serif; font-size: 14px; font-style: normal; font-weight: normal; line-height: 17px; text-decoration: none;\" href=\"https:\/\/www.instagram.com\/p\/B_nizxqFe0D\/?utm_source=ig_embed&amp;utm_campaign=loading\" target=\"_blank\" rel=\"noopener noreferrer\">Una publicaci\u00f3 compartida de Turisme de Sitges (@sitgesturisme)<\/a> el <time style=\"font-family: Arial,sans-serif; font-size: 14px; line-height: 17px;\" datetime=\"2020-04-30T20:08:37+00:00\">30 Abr, 2020 a les 1:08 PDT<\/time><\/p>\n<\/div>\n<\/blockquote>\n<p><script async src=\"\/\/www.instagram.com\/embed.js\"><\/script><\/p>\n<p>Entre les zones que recomanem per <strong><a href=\"https:\/\/www.serra.immo\/ca\/cases-venda-vilanova-i-la-geltru\/\" target=\"_blank\" rel=\"noopener noreferrer\">comprar una casa a Sitges<\/a><\/strong> es troba <strong>Sant Sebasti\u00e0<\/strong> o el centre, un lloc ideal per viure en fam\u00edlia sense deixar de gaudir del ritme dels carrers. Tot i aix\u00f2, si t&#039;est\u00e0s plantejant invertir en una segona resid\u00e8ncia, llavors t&#039;interessar\u00e0 la zona del <strong>Poble Sec.<\/strong><\/p>\n<p>Explora les nostres opcions de propietats a Sitges: <strong><a href=\"https:\/\/www.serra.immo\/ca\/pisos-venda-sitges\/\" target=\"_new\" rel=\"noopener\">Propietats a Sitges<\/a><\/strong><\/p>\n<h3><strong>Cubelles<\/strong><\/h3>\n<p>Cubelles \u00e9s una altra de les zones m\u00e9s atractives de la costa del Garraf. Aquest municipi est\u00e0 format per <strong>precioses platges llargues de sorra<\/strong> fina alhora que ens sedueix la pres\u00e8ncia dels seus imponents<strong> muntanyes al costat del pant\u00e0 i la desembocadura del riu Foix<\/strong>, on es poden observar aus aut\u00f2ctones protegides. Sens dubte, una gran elecci\u00f3 si el que busques \u00e9s gaudir de la tranquil\u00b7litat i la natura sense allunyar-te de Barcelona.<\/p>\n<blockquote class=\"instagram-media\" style=\"background: #FFF; border: 0; border-radius: 3px; box-shadow: 0 0 1px 0 rgba(0,0,0,0.5),0 1px 10px 0 rgba(0,0,0,0.15); margin: 1px; max-width: 540px; min-width: 326px; padding: 0; width: calc(100% - 2px);\" data-instgrm-permalink=\"https:\/\/www.instagram.com\/p\/B83PejNom_u\/?utm_source=ig_embed&amp;utm_campaign=loading\" data-instgrm-version=\"12\">\n<div style=\"padding: 16px;\">\n<div style=\"display: flex; flex-direction: row; align-items: center;\">\n<div style=\"background-color: #f4f4f4; border-radius: 50%; flex-grow: 0; height: 40px; margin-right: 14px; width: 40px;\"><\/div>\n<div style=\"display: flex; flex-direction: column; flex-grow: 1; justify-content: center;\">\n<div style=\"background-color: #f4f4f4; border-radius: 4px; flex-grow: 0; height: 14px; margin-bottom: 6px; width: 100px;\"><\/div>\n<div style=\"background-color: #f4f4f4; border-radius: 4px; flex-grow: 0; height: 14px; width: 60px;\"><\/div>\n<\/div>\n<\/div>\n<div style=\"padding: 19% 0;\"><\/div>\n<div style=\"display: block; height: 50px; margin: 0 auto 12px; width: 50px;\"><\/div>\n<div style=\"padding-top: 8px;\">\n<div style=\"color: #3897f0; font-family: Arial,sans-serif; font-size: 14px; font-style: normal; font-weight: 550; line-height: 18px;\">Veure aquesta publicaci\u00f3 a Instagram<\/div>\n<\/div>\n<div style=\"padding: 12.5% 0;\"><\/div>\n<div style=\"display: flex; flex-direction: row; margin-bottom: 14px; align-items: center;\">\n<div>\n<div style=\"background-color: #f4f4f4; border-radius: 50%; height: 12.5px; width: 12.5px; transform: translateX(0px) translateY(7px);\"><\/div>\n<div style=\"background-color: #f4f4f4; height: 12.5px; transform: rotate(-45deg) translateX(3px) translateY(1px); width: 12.5px; flex-grow: 0; margin-right: 14px; margin-left: 2px;\"><\/div>\n<div style=\"background-color: #f4f4f4; border-radius: 50%; height: 12.5px; width: 12.5px; transform: translateX(9px) translateY(-18px);\"><\/div>\n<\/div>\n<div style=\"margin-left: 8px;\">\n<div style=\"background-color: #f4f4f4; border-radius: 50%; flex-grow: 0; height: 20px; width: 20px;\"><\/div>\n<div style=\"width: 0; height: 0; border-top: 2px solid transparent; border-left: 6px solid #f4f4f4; border-bottom: 2px solid transparent; transform: translateX(16px) translateY(-4px) rotate(30deg);\"><\/div>\n<\/div>\n<div style=\"margin-left: auto;\">\n<div style=\"width: 0px; border-top: 8px solid #F4F4F4; border-right: 8px solid transparent; transform: translateY(16px);\"><\/div>\n<div style=\"background-color: #f4f4f4; flex-grow: 0; height: 12px; width: 16px; transform: translateY(-4px);\"><\/div>\n<div style=\"width: 0; height: 0; border-top: 8px solid #F4F4F4; border-left: 8px solid transparent; transform: translateY(-4px) translateX(8px);\"><\/div>\n<\/div>\n<\/div>\n<div style=\"display: flex; flex-direction: column; flex-grow: 1; justify-content: center; margin-bottom: 24px;\">\n<div style=\"background-color: #f4f4f4; border-radius: 4px; flex-grow: 0; height: 14px; margin-bottom: 6px; width: 224px;\"><\/div>\n<div style=\"background-color: #f4f4f4; border-radius: 4px; flex-grow: 0; height: 14px; width: 144px;\"><\/div>\n<\/div>\n<p style=\"color: #c9c8cd; font-family: Arial,sans-serif; font-size: 14px; line-height: 17px; margin-bottom: 0; margin-top: 8px; overflow: hidden; padding: 8px 0 7px; text-align: center; text-overflow: ellipsis; white-space: nowrap;\"><a style=\"color: #c9c8cd; font-family: Arial,sans-serif; font-size: 14px; font-style: normal; font-weight: normal; line-height: 17px; text-decoration: none;\" href=\"https:\/\/www.instagram.com\/p\/B83PejNom_u\/?utm_source=ig_embed&amp;utm_campaign=loading\" target=\"_blank\" rel=\"noopener noreferrer\">Una publicaci\u00f3 compartida d&#039;Oficina de Turisme de Cubelles (@turismecubelles)<\/a> el <time style=\"font-family: Arial,sans-serif; font-size: 14px; line-height: 17px;\" datetime=\"2020-02-22T08:53:22+00:00\">22 Feb, 2020 a les 12:53 PST<\/time><\/p>\n<\/div>\n<\/blockquote>\n<p><script async src=\"\/\/www.instagram.com\/embed.js\"><\/script><\/p>\n<p>Si vols<strong> <a href=\"https:\/\/www.serra.immo\/ca\/pisos-venda-cubells\/\" target=\"_blank\" rel=\"noopener noreferrer\">comprar un pis a Cubelles<\/a> <\/strong>et recomanem la zona de <strong>Bardaj\u00ed \u2013 Mol\u00ed de Baix<\/strong>, molt ben ubicada al costat de la platja alhora que permet una gran accessibilitat a tots els serveis. Per contra, si busques ambient t&#039;encantar\u00e0 el nucli antic del <strong>Castell de Cubelles<\/strong>, situat a tan sols 1km de la platja. Per\u00f2 si el que vols \u00e9s aixecar-te cada dia amb la brisa marina, t&#039;encantar\u00e0 el barri de la <strong>Mota de Sant Pere \u2013 Les Salines,<\/strong> ubicat a primera l\u00ednia de mar.<\/p>\n<p>Si necessites assessorament per <strong>comprar o llogar un habitatge al Garraf<\/strong>, no dubtis en contactar amb nosaltres a trav\u00e9s dels tel\u00e8fons de cada oficina, enviant-nos un email a <strong>info@serra.immo<\/strong> o b\u00e9 omplint el formulari de <a href=\"https:\/\/www.serra.immo\/ca\/contacte\/\" target=\"_blank\" rel=\"noopener noreferrer\">contacte<\/a> de la nostra web.<\/p>\n<blockquote class=\"wp-embedded-content\" data-secret=\"Z9odFZlHgz\"><p><a href=\"https:\/\/www.serra.immo\/ca\/inversions-immobiliaries-comprar-habitatge\/\">Inversions immobili\u00e0ries: Per qu\u00e8 \u00e9s un bon moment per comprar un habitatge<\/a><\/p><\/blockquote>\n<p><iframe class=\"wp-embedded-content\" sandbox=\"allow-scripts\" security=\"restricted\" style=\"position: absolute; visibility: hidden;\" title=\"\u00abInversions immobili\u00e0ries: Per qu\u00e8 \u00e9s un bon moment per comprar un habitatge\u00bb \u2014 SERRA GRUP IMMOBILIARI\" src=\"https:\/\/www.serra.immo\/inversiones-inmobiliarias-comprar-vivienda\/embed\/#?secret=7TIpAdwEFU#?secret=Z9odFZlHgz\" data-secret=\"Z9odFZlHgz\" width=\"600\" height=\"338\" frameborder=\"0\" marginwidth=\"0\" marginheight=\"0\" scrolling=\"no\"><\/iframe><\/p>","protected":false},"excerpt":{"rendered":"<p>Entre largas playas ba\u00f1adas por el mar Mediterraneo y macizas monta\u00f1as pobladas de imponentes pinos, encontramos la comarca del Garraf. Sin duda, uno de los lugares m\u00e1s singulares donde vivir en la costa catalana. Ubicada a poco m\u00e1s de 30 kil\u00f3metros de Barcelona, esta maravillosa comarca ofrece a sus habitantes un equilibrio perfecto entre la [&hellip;]<\/p>\n","protected":false},"author":3,"featured_media":620586,"comment_status":"closed","ping_status":"closed","sticky":false,"template":"","format":"standard","meta":{"footnotes":""},"categories":[279],"tags":[],"class_list":["post-620581","post","type-post","status-publish","format-standard","has-post-thumbnail","hentry","category-inmobiliariasssssss"],"_links":{"self":[{"href":"https:\/\/www.serra.immo\/ca\/wp-json\/wp\/v2\/posts\/620581","targetHints":{"allow":["GET"]}}],"collection":[{"href":"https:\/\/www.serra.immo\/ca\/wp-json\/wp\/v2\/posts"}],"about":[{"href":"https:\/\/www.serra.immo\/ca\/wp-json\/wp\/v2\/types\/post"}],"author":[{"embeddable":true,"href":"https:\/\/www.serra.immo\/ca\/wp-json\/wp\/v2\/users\/3"}],"replies":[{"embeddable":true,"href":"https:\/\/www.serra.immo\/ca\/wp-json\/wp\/v2\/comments?post=620581"}],"version-history":[{"count":2,"href":"https:\/\/www.serra.immo\/ca\/wp-json\/wp\/v2\/posts\/620581\/revisions"}],"predecessor-version":[{"id":1225774,"href":"https:\/\/www.serra.immo\/ca\/wp-json\/wp\/v2\/posts\/620581\/revisions\/1225774"}],"wp:featuredmedia":[{"embeddable":true,"href":"https:\/\/www.serra.immo\/ca\/wp-json\/"}],"wp:attachment":[{"href":"https:\/\/www.serra.immo\/ca\/wp-json\/wp\/v2\/media?parent=620581"}],"wp:term":[{"taxonomy":"category","embeddable":true,"href":"https:\/\/www.serra.immo\/ca\/wp-json\/wp\/v2\/categories?post=620581"},{"taxonomy":"post_tag","embeddable":true,"href":"https:\/\/www.serra.immo\/ca\/wp-json\/wp\/v2\/tags?post=620581"}],"curies":[{"name":"wp","href":"https:\/\/api.w.org\/{rel}","templated":true}]}}