{"id":57078,"date":"2019-03-25T09:44:38","date_gmt":"2019-03-25T09:44:38","guid":{"rendered":"https:\/\/serra.immo\/?p=57078"},"modified":"2019-03-25T09:44:38","modified_gmt":"2019-03-25T09:44:38","slug":"drets-i-obligacions-de-propietaris-i-llogaters","status":"publish","type":"post","link":"https:\/\/www.serra.immo\/ca\/derechos-y-obligaciones-de-propietarios-e-inquilinos\/","title":{"rendered":"Drets i obligacions de propietaris i llogaters"},"content":{"rendered":"<p>[:es]Tanto si eres propietario como inquilino, seguramente muchas veces te has preguntado: \u00bfTengo derecho a pedir esto? \u00bfY obligaci\u00f3n de esto otro? Por este motivo, la <a href=\"https:\/\/web.gencat.cat\/es\/tramits\/que-cal-fer-si\/vull-llogar-un-habitatge\/drets-i-obligacions\/index.html\" target=\"_blank\" rel=\"noopener\">Generalitat de Catalunya<\/a> ha elaborado <strong>una gu\u00eda que desvanece todas las dudas<\/strong>.<\/p>\n<p>&nbsp;<\/p>\n<p><strong>Derechos y obligaciones del propietario<\/strong><\/p>\n<p><strong>Derechos<\/strong><\/p>\n<ol>\n<li><strong>Que le sea pagada la renta<\/strong> fijada, que se destine la vivienda al uso pactado y que se cuide de ella.<\/li>\n<li>Que el arrendatario <strong>o arrendataria repare los da\u00f1os<\/strong> que por causa suya se hayan producido.<\/li>\n<li><strong>Aumentar la renta<\/strong> de acuerdo con lo que se haya especificado en el contrato.<\/li>\n<\/ol>\n<p><strong>Obligaciones <\/strong><\/p>\n<ol>\n<li><strong>Garantizar<\/strong> al arrendatario o arrendataria el <strong>uso pac\u00edfico de la vivienda<\/strong>.<\/li>\n<li><strong>Hacer las reparaciones necesarias de car\u00e1cter<\/strong> urgente y, si no lo hace, pagarle el coste al arrendatario o arrendataria.<\/li>\n<li><strong>Garantizar<\/strong> las condiciones necesarias para que la vivienda sea habitable a lo largo de la duraci\u00f3n del contrato.<\/li>\n<li><strong>Entregar el certificado de eficiencia energ\u00e9tica<\/strong> y la etiqueta energ\u00e9tica<\/li>\n<\/ol>\n<p>&nbsp;<\/p>\n<p><strong>Derechos y obligaciones del inquilino<\/strong><\/p>\n<p><strong>Derechos<\/strong><\/p>\n<ol>\n<li>Derecho al <strong>uso pac\u00edfico de la vivienda<\/strong>. El propietario o propietaria no puede perturbar este uso.<\/li>\n<li>Derecho a las <strong>reparaciones<\/strong>, necesarias o de conservaci\u00f3n, de las cuales se tiene que hacer cargo el propietario. El arrendatario o arrendataria puede hacerlas si son de car\u00e1cter urgente, con aviso previo, y despu\u00e9s el propietario o propietaria puede\u00a0deducirlas del importe del alquiler.<\/li>\n<li>En cuanto a la habitabilidad, el propietario o propietaria tiene que garantizar las condiciones necesarias para que la <strong>vivienda<\/strong> sea <strong>habitable a lo largo del contrato<\/strong>.<\/li>\n<li>A <strong>resolver<\/strong> el <strong>contrato<\/strong>.<\/li>\n<li>A <strong>recuperar la fianza<\/strong> al finalizar el contrato.<\/li>\n<\/ol>\n<p><strong>Obligaciones<\/strong><\/p>\n<ol>\n<li><strong>Pagar la renta mensual<\/strong>, hasta el plazo marcado en el contrato.<\/li>\n<li><strong>Cuidar de la vivienda<\/strong> y no hacer actividades molestas, insalubres o ilegales.<\/li>\n<li><strong>Reparar los da\u00f1os<\/strong> que, bien por culpa suya, bien por negligencia, se hayan producido.<\/li>\n<\/ol>\n<p>&nbsp;<\/p>\n<p><strong>Serra<\/strong> cuenta con <strong>m\u00e1s de 50 a\u00f1os<\/strong> de experiencia en el sector inmobiliario. Tanto si eres propietario como inquilino, \u00a1<strong>conf\u00eda en <a href=\"https:\/\/serra.immo?utm_source=blog\" target=\"_blank\" rel=\"noopener\">nuestros servicios inmobiliarios<\/a><\/strong> si quieres las mejores garant\u00edas![:ca]Tan si ets propietari com si ets llogater, segurament que moltes vegades t\u2019has preguntat: Tinc dret a demanar aix\u00f2? I l\u2019obligaci\u00f3 d\u2019all\u00f2 altre? Per aquest motiu, la <a href=\"https:\/\/web.gencat.cat\/ca\/tramits\/que-cal-fer-si\/vull-llogar-un-habitatge\/drets-i-obligacions\/\" target=\"_blank\" rel=\"noopener\">Generalitat de Catalunya<\/a> ha elaborat una <strong>guia que esvaeix tots els dubtes<\/strong>:<\/p>\n<p>&nbsp;<\/p>\n<p><strong>Drets i deures del llogater<\/strong><\/p>\n<p><strong>Drets<\/strong><\/p>\n<ol>\n<li>Dret a l&#8217;<strong>\u00fas pac\u00edfic de l&#8217;habitatge<\/strong>. El propietari o propiet\u00e0ria no pot pertorbar aquest \u00fas.<\/li>\n<li>Dret a les <strong>reparacions<\/strong>, necess\u00e0ries o de conservaci\u00f3, de les quals s&#8217;ha de fer c\u00e0rrec el propietari. El llogater o llogatera pot fer-les si s\u00f3n de car\u00e0cter urgent, amb av\u00eds previ, i despr\u00e9s el propietari o propiet\u00e0ria pot restar-ne l&#8217;import del lloguer.<\/li>\n<li>Quant a l&#8217;habitabilitat, el propietari o propiet\u00e0ria ha de garantir les condicions necess\u00e0ries per tal que l&#8217;<strong>habitatge <\/strong>sigui<strong> habitable al llarg del contracte<\/strong>.<\/li>\n<li>A <strong>resoldre <\/strong>el<strong> contracte<\/strong>.<\/li>\n<li>A <strong>recuperar la fian\u00e7a<\/strong> a l&#8217;acabament del contracte.<\/li>\n<\/ol>\n<p><strong>Deures<\/strong><\/p>\n<ol>\n<li><strong>Pagar la renda mensual<\/strong>, fins al termini marcat en el contracte.<\/li>\n<li><strong>Tenir cura de l&#8217;habitatge<\/strong> i no fer-hi activitats molestes, insalubres o il\u00b7legals.<\/li>\n<li><strong>Reparar els danys<\/strong> que, b\u00e9 per culpa seva, b\u00e9 per neglig\u00e8ncia, s&#8217;hagin produ\u00eft.<\/li>\n<\/ol>\n<p>&nbsp;<\/p>\n<p><strong>Drets i deures del propietari<\/strong><\/p>\n<p><strong>Drets<\/strong><\/p>\n<ol>\n<li><strong>Que li sigui pagada la renda<\/strong> fixada, que es destini l&#8217;habitatge a l&#8217;\u00fas pactat i que se&#8217;n tingui cura.<\/li>\n<li>Que el llogater <strong>o llogatera repari els danys<\/strong> que per causa seva s&#8217;hi hagin produ\u00eft.<\/li>\n<li><strong>Augmentar la renda <\/strong>d&#8217;acord amb el que s&#8217;hagi especificat en el contracte.<\/li>\n<\/ol>\n<p><strong>Deures<\/strong><\/p>\n<ol>\n<li><strong>Garantir<\/strong> al llogater o llogatera l&#8217;<strong>\u00fas pac\u00edfic de l&#8217;habitatge<\/strong>.<\/li>\n<li><strong>Fer les reparacions necess\u00e0ries de car\u00e0cter<\/strong> urgent i, si no ho fa, pagar-li&#8217;n el cost al llogater o llogatera.<\/li>\n<li><strong>Garantir<\/strong> les condicions necess\u00e0ries per tal que l&#8217;<strong>habitatge<\/strong> sigui <strong>habitable al llarg<\/strong> de la durada <strong>del contracte<\/strong>.<\/li>\n<li><strong>Lliurar el certificat d\u2019efici\u00e8ncia energ\u00e8tica<\/strong> i l\u2019etiqueta energ\u00e8tica<\/li>\n<\/ol>\n<p>&nbsp;<\/p>\n<p><strong>Serra<\/strong> compta amb <strong>m\u00e9s de 50 anys<\/strong> d&#8217;experi\u00e8ncia en el sector immobiliari. Tan si ets propietari como llogater, \u00a1<strong>confia en els <a href=\"https:\/\/serra.immo\/ca\/?utm_source=blog\" target=\"_blank\" rel=\"noopener\">nostres serveis immobiliaris<\/a><\/strong> si vols les millors garanties![:]<\/p>\n","protected":false},"excerpt":{"rendered":"<p>[:es]Tanto si eres propietario como inquilino, seguramente muchas veces te has preguntado: \u00bfTengo derecho a pedir esto? \u00bfY obligaci\u00f3n de esto otro? Por este motivo, la Generalitat de Catalunya ha elaborado una gu\u00eda que desvanece todas las dudas. &nbsp; Derechos y obligaciones del propietario Derechos Que le sea pagada la renta fijada, que se destine [&hellip;]<\/p>\n","protected":false},"author":3,"featured_media":80637,"comment_status":"closed","ping_status":"closed","sticky":false,"template":"","format":"standard","meta":{"footnotes":""},"categories":[279],"tags":[],"class_list":["post-57078","post","type-post","status-publish","format-standard","has-post-thumbnail","hentry","category-inmobiliariasssssss"],"_links":{"self":[{"href":"https:\/\/www.serra.immo\/ca\/wp-json\/wp\/v2\/posts\/57078","targetHints":{"allow":["GET"]}}],"collection":[{"href":"https:\/\/www.serra.immo\/ca\/wp-json\/wp\/v2\/posts"}],"about":[{"href":"https:\/\/www.serra.immo\/ca\/wp-json\/wp\/v2\/types\/post"}],"author":[{"embeddable":true,"href":"https:\/\/www.serra.immo\/ca\/wp-json\/wp\/v2\/users\/3"}],"replies":[{"embeddable":true,"href":"https:\/\/www.serra.immo\/ca\/wp-json\/wp\/v2\/comments?post=57078"}],"version-history":[{"count":0,"href":"https:\/\/www.serra.immo\/ca\/wp-json\/wp\/v2\/posts\/57078\/revisions"}],"wp:featuredmedia":[{"embeddable":true,"href":"https:\/\/www.serra.immo\/ca\/wp-json\/"}],"wp:attachment":[{"href":"https:\/\/www.serra.immo\/ca\/wp-json\/wp\/v2\/media?parent=57078"}],"wp:term":[{"taxonomy":"category","embeddable":true,"href":"https:\/\/www.serra.immo\/ca\/wp-json\/wp\/v2\/categories?post=57078"},{"taxonomy":"post_tag","embeddable":true,"href":"https:\/\/www.serra.immo\/ca\/wp-json\/wp\/v2\/tags?post=57078"}],"curies":[{"name":"wp","href":"https:\/\/api.w.org\/{rel}","templated":true}]}}