{"id":460,"date":"2017-08-30T10:49:07","date_gmt":"2017-08-30T10:49:07","guid":{"rendered":"http:\/\/serra.immo\/?p=460"},"modified":"2017-08-30T10:49:07","modified_gmt":"2017-08-30T10:49:07","slug":"primer-aniversari-de-loficina-de-serra-a-vilafranca-del-penedes","status":"publish","type":"post","link":"https:\/\/www.serra.immo\/ca\/primer-aniversario-de-la-oficina-de-serra-en-vilafranca-del-penedes\/","title":{"rendered":"Primer aniversari de l&#039;oficina de Serra a Vilafranca del Pened\u00e8s."},"content":{"rendered":"<p>[:es]Coincidiendo con la Festa Major de Vilafranca, la oficina de Serra Experi\u00e8ncia Immobili\u00e0ria en la capital del Pened\u00e8s celebra su primer aniversario. Situada en la calle Cal Bolet n\u00famero 4, se trata de un espacio c\u00e9ntrico y confortable, pensado para ofrecer un servicio m\u00e1s personalizado y cercano a los clientes de Serra.<\/p>\n<p>A pesar de que Serra Experi\u00e8ncia Immobili\u00e0ria hace m\u00e1s de 6 a\u00f1os que ofrece servicios inmobiliarios en el Pened\u00e8s, las nuevas oficinas, amplias y adaptadas para personas con movilidad reducida, han permitido aumentar el n\u00famero de clientes que conf\u00edan en nosotros para gestionar sus comunidades y\/o su patrimonio inmobiliario.<\/p>\n<p>Si todav\u00eda no lo conoc\u00e9is, os invitamos a visitar este nuevo espacio en Vilafranca del Pened\u00e8s, y os recordamos que os atenderemos sobre cualquier cuesti\u00f3n.<\/p>\n<p>\u00a1El equipo de Serra Experi\u00e8ncia Immobili\u00e0ria os desea una muy buena Festa Major 2017![:ca]Coincidint amb la Festa Major de Vilafranca, l&#8217;oficina de Serra Experi\u00e8ncia Immobili\u00e0ria a la capital del Pened\u00e8s celebra el seu primer aniversari. Situada al carrer Cal Bolet n\u00famero 4, es tracta d&#8217;un espai c\u00e8ntric i confortable, pensat per oferir un servei m\u00e9s personalitzat i proper als clients de Serra.<\/p>\n<p>Tot i que Serra Experi\u00e8ncia Immobili\u00e0ria fa m\u00e9s de 6 anys que ofereix serveis immobiliaris al Pened\u00e8s, les noves oficines, \u00e0mplies i adaptades per a persones amb mobilitat redu\u00efda, han prem\u00e9s ampliar el nombre de clients que confien en nosaltres per gestionar les seves comunitats i\/o el seu patrimoni immobiliari.<\/p>\n<p>Si encara no el coneixeu, us convidem a visitar aquest nou espai a Vilafranca del Pened\u00e8s, i us recordem que us atendrem sobre qualsevol q\u00fcesti\u00f3.<\/p>\n<p>L&#8217;equip de Serra Experi\u00e8ncia Immobili\u00e0ria us desitja una molt bona Festa Major 2017![:]<\/p>\n","protected":false},"excerpt":{"rendered":"<p>[:es]Coincidiendo con la Festa Major de Vilafranca, la oficina de Serra Experi\u00e8ncia Immobili\u00e0ria en la capital del Pened\u00e8s celebra su primer aniversario. Situada en la calle Cal Bolet n\u00famero 4, se trata de un espacio c\u00e9ntrico y confortable, pensado para ofrecer un servicio m\u00e1s personalizado y cercano a los clientes de Serra. A pesar de [&hellip;]<\/p>\n","protected":false},"author":3,"featured_media":461,"comment_status":"closed","ping_status":"closed","sticky":false,"template":"","format":"standard","meta":{"footnotes":""},"categories":[277],"tags":[],"class_list":["post-460","post","type-post","status-publish","format-standard","has-post-thumbnail","hentry","category-actualidad"],"_links":{"self":[{"href":"https:\/\/www.serra.immo\/ca\/wp-json\/wp\/v2\/posts\/460","targetHints":{"allow":["GET"]}}],"collection":[{"href":"https:\/\/www.serra.immo\/ca\/wp-json\/wp\/v2\/posts"}],"about":[{"href":"https:\/\/www.serra.immo\/ca\/wp-json\/wp\/v2\/types\/post"}],"author":[{"embeddable":true,"href":"https:\/\/www.serra.immo\/ca\/wp-json\/wp\/v2\/users\/3"}],"replies":[{"embeddable":true,"href":"https:\/\/www.serra.immo\/ca\/wp-json\/wp\/v2\/comments?post=460"}],"version-history":[{"count":0,"href":"https:\/\/www.serra.immo\/ca\/wp-json\/wp\/v2\/posts\/460\/revisions"}],"wp:featuredmedia":[{"embeddable":true,"href":"https:\/\/www.serra.immo\/ca\/wp-json\/"}],"wp:attachment":[{"href":"https:\/\/www.serra.immo\/ca\/wp-json\/wp\/v2\/media?parent=460"}],"wp:term":[{"taxonomy":"category","embeddable":true,"href":"https:\/\/www.serra.immo\/ca\/wp-json\/wp\/v2\/categories?post=460"},{"taxonomy":"post_tag","embeddable":true,"href":"https:\/\/www.serra.immo\/ca\/wp-json\/wp\/v2\/tags?post=460"}],"curies":[{"name":"wp","href":"https:\/\/api.w.org\/{rel}","templated":true}]}}