{"id":444,"date":"2016-10-27T10:28:22","date_gmt":"2016-10-27T10:28:22","guid":{"rendered":"http:\/\/serra.immo\/?p=444"},"modified":"2016-10-27T10:28:22","modified_gmt":"2016-10-27T10:28:22","slug":"serra-col%c2%b7labora-amb-la-fundacio-privada-sant-antoni-abat","status":"publish","type":"post","link":"https:\/\/www.serra.immo\/ca\/serra-colabora-con-la-fundacio-privada-sant-antoni-abat\/","title":{"rendered":"Serra col\u00b7labora amb la Fundaci\u00f3 Privada Sant Antoni Abat."},"content":{"rendered":"<p>[:es]La <a href=\"http:\/\/www.fundacioabat.cat\/?lang=es\" target=\"_blank\" rel=\"noopener\">Fundaci\u00f3 Privada Sant Antoni Abat<\/a> es una entidad sin \u00e1nimo de lucro que actualmente se dedica a la gesti\u00f3n, el apoyo y al desarrollo de proyectos de b\u00fasqueda e innovaci\u00f3n en el \u00e1mbito social y de la salud, para mejorar la calidad de vida de las personas en Vilanova i la Geltr\u00fa y m\u00e1s all\u00e1 de su territorio.<\/p>\n<p>El convenio, de tres a\u00f1os de duraci\u00f3n, permitir\u00e1 a la fundaci\u00f3n disfrutar de m\u00e1s recursos para desarrollar sus tareas sociales y llegar a m\u00e1s personas. Entre otros, la Fundaci\u00f3 Privada Sant Antoni Abat se dedica al desarrollo, la innovaci\u00f3n y la docencia en el campo de las ciencias de la salud y de las ciencias sociales, la prestaci\u00f3n de servicios sanitarios y sociales a personas necesitadas y la asistencia a personas mayores y desamparadas.<\/p>\n<p>Serra se compromete socialmente a mejorar la vida de las personas y apuesta por colaborar con fundaciones sin \u00e1nimo de lucro como la Fundaci\u00f3 Privada Sant Antoni Abat, para apoyar actividades tan importantes como las que lleva a cabo esta instituci\u00f3n hist\u00f3rica de Vilanova i la Geltr\u00fa.[:ca]La <a href=\"http:\/\/www.fundacioabat.cat\/\" target=\"_blank\" rel=\"noopener\">Fundaci\u00f3 Privada Sant Antoni Abat<\/a> \u00e9s una entitat sense \u00e0nim de lucre que actualment es dedica a la gesti\u00f3, el suport i al desenvolupament de projectes de cerca i innovaci\u00f3 en l\u2019\u00e0mbit social i de la salut, per millorar la qualitat de vida de les persones a Vilanova i la Geltr\u00fa i m\u00e9s enll\u00e0 del seu territori.<\/p>\n<p>El conveni, de tres anys de duraci\u00f3, permetr\u00e0 a la fundaci\u00f3 gaudir de m\u00e9s recursos per desenvolupar les seves tasques socials i arribar a m\u00e9s persones. Entre d\u2019altres, la Fundaci\u00f3 Privada Sant Antoni Abat es dedica al desenvolupament, la innovaci\u00f3 i la doc\u00e8ncia en el camp de les ci\u00e8ncies de la salut i de les ci\u00e8ncies socials, la prestaci\u00f3 de serveis sanitaris i socials a persones necessitades i l\u2019assist\u00e8ncia a persones grans i desemparades.<\/p>\n<p>Serra es compromet socialment per millorar la vida de les persones i aposta per col\u00b7laborar amb fundacions sense \u00e0nim de lucre com la Fundaci\u00f3 Privada Sant Antoni Abat, per recolzar activitats tan importants com les que du a terme aquesta entitat hist\u00f2rica de Vilanova i la Geltr\u00fa.[:]<\/p>\n","protected":false},"excerpt":{"rendered":"<p>[:es]La Fundaci\u00f3 Privada Sant Antoni Abat es una entidad sin \u00e1nimo de lucro que actualmente se dedica a la gesti\u00f3n, el apoyo y al desarrollo de proyectos de b\u00fasqueda e innovaci\u00f3n en el \u00e1mbito social y de la salud, para mejorar la calidad de vida de las personas en Vilanova i la Geltr\u00fa y m\u00e1s [&hellip;]<\/p>\n","protected":false},"author":3,"featured_media":445,"comment_status":"closed","ping_status":"closed","sticky":false,"template":"","format":"standard","meta":{"footnotes":""},"categories":[277],"tags":[],"class_list":["post-444","post","type-post","status-publish","format-standard","has-post-thumbnail","hentry","category-actualidad"],"_links":{"self":[{"href":"https:\/\/www.serra.immo\/ca\/wp-json\/wp\/v2\/posts\/444","targetHints":{"allow":["GET"]}}],"collection":[{"href":"https:\/\/www.serra.immo\/ca\/wp-json\/wp\/v2\/posts"}],"about":[{"href":"https:\/\/www.serra.immo\/ca\/wp-json\/wp\/v2\/types\/post"}],"author":[{"embeddable":true,"href":"https:\/\/www.serra.immo\/ca\/wp-json\/wp\/v2\/users\/3"}],"replies":[{"embeddable":true,"href":"https:\/\/www.serra.immo\/ca\/wp-json\/wp\/v2\/comments?post=444"}],"version-history":[{"count":0,"href":"https:\/\/www.serra.immo\/ca\/wp-json\/wp\/v2\/posts\/444\/revisions"}],"wp:featuredmedia":[{"embeddable":true,"href":"https:\/\/www.serra.immo\/ca\/wp-json\/"}],"wp:attachment":[{"href":"https:\/\/www.serra.immo\/ca\/wp-json\/wp\/v2\/media?parent=444"}],"wp:term":[{"taxonomy":"category","embeddable":true,"href":"https:\/\/www.serra.immo\/ca\/wp-json\/wp\/v2\/categories?post=444"},{"taxonomy":"post_tag","embeddable":true,"href":"https:\/\/www.serra.immo\/ca\/wp-json\/wp\/v2\/tags?post=444"}],"curies":[{"name":"wp","href":"https:\/\/api.w.org\/{rel}","templated":true}]}}