{"id":441,"date":"2016-10-17T10:18:51","date_gmt":"2016-10-17T10:18:51","guid":{"rendered":"http:\/\/serra.immo\/?p=441"},"modified":"2016-10-17T10:18:51","modified_gmt":"2016-10-17T10:18:51","slug":"serra-experiencia-immobiliaria-patrocinador-principal-del-projecte-social-del-casal-societat-la-principal-de-vilafranca-del-penedes","status":"publish","type":"post","link":"https:\/\/www.serra.immo\/ca\/serra-experiencia-immobiliaria-patrocinador-principal-del-proyecto-social-del-casal-societat-la-principal-de-vilafranca-del-penedes\/","title":{"rendered":"Serra Experi\u00e8ncia Immobili\u00e0ria, patrocinador principal del projecte social del Casal Societat La Principal de Vilafranca del Pened\u00e8s."},"content":{"rendered":"<p>[:es]En Serra, velamos por la calidad de vida de las personas, y en esta l\u00ednea, queremos ayudar a las familias numerosas que forman parte del <a href=\"http:\/\/cas467.wixsite.com\/casalvilafranca\" target=\"_blank\" rel=\"noopener\">Casal Societat La Principal<\/a>, para que puedan disfrutar de todas las actividades que ofrece la instituci\u00f3n.<\/p>\n<p>Esta semana Sergi Serra, gerente de Serra Experi\u00e8ncia Immobili\u00e0ria y Miquel \u00c0ngel Garcia Barrachina, Presidente del Casal Societat La Principal, han firmado el acuerdo de colaboraci\u00f3n para esta temporada 2016-2017.<\/p>\n<p>Serra asume una parte de la cuota mensual de las familias numerosas, para que todo el mundo acceda sin problemas a los servicios que proporciona el Casal &#8211; Societat La Principal.<\/p>\n<p>Con esta iniciativa, queremos reforzar nuestro v\u00ednculo con el municipio de Vilafranca del Pened\u00e8s, donde hace m\u00e1s de 5 a\u00f1os que Serra trabaja gestionando comunidades de propietarios e inmuebles en alquiler.[:ca]A Serra, vetllem per la qualitat de vida de les persones, i en aquesta l\u00ednia, volem ajudar a les fam\u00edlies nombroses que formen part del <a href=\"http:\/\/cas467.wixsite.com\/casalvilafranca\" target=\"_blank\" rel=\"noopener\">Casal Societat La Principal<\/a>, perqu\u00e8 puguin gaudir de totes les activitats que ofereix la instituci\u00f3.<\/p>\n<p>Aquesta setmana Sergi Serra, gerent de Serra Experi\u00e8ncia Immobili\u00e0ria i Miquel \u00c0ngel Garcia Barrachina, President del Casal Societat La Principal, han signat l&#8217;acord de col\u00b7laboraci\u00f3 per aquesta temporada 2016-2017.<\/p>\n<p>Serra assumeix una part de la quota mensual de les fam\u00edlies nombroses, perqu\u00e8 tothom accedeixi sense problemes als serveis que proporciona el Casal &#8211; Societat La Principal.<\/p>\n<p>Amb aquesta iniciativa, volem refor\u00e7ar el nostre vincle amb el municipi de Vilafranca del Pened\u00e8s, on fa m\u00e9s de 5 anys que Serra treballa gestionant comunitats de propietaris i immobles en lloguer.[:]<\/p>\n","protected":false},"excerpt":{"rendered":"<p>[:es]En Serra, velamos por la calidad de vida de las personas, y en esta l\u00ednea, queremos ayudar a las familias numerosas que forman parte del Casal Societat La Principal, para que puedan disfrutar de todas las actividades que ofrece la instituci\u00f3n. Esta semana Sergi Serra, gerente de Serra Experi\u00e8ncia Immobili\u00e0ria y Miquel \u00c0ngel Garcia Barrachina, [&hellip;]<\/p>\n","protected":false},"author":3,"featured_media":442,"comment_status":"closed","ping_status":"closed","sticky":false,"template":"","format":"standard","meta":{"footnotes":""},"categories":[277],"tags":[],"class_list":["post-441","post","type-post","status-publish","format-standard","has-post-thumbnail","hentry","category-actualidad"],"_links":{"self":[{"href":"https:\/\/www.serra.immo\/ca\/wp-json\/wp\/v2\/posts\/441","targetHints":{"allow":["GET"]}}],"collection":[{"href":"https:\/\/www.serra.immo\/ca\/wp-json\/wp\/v2\/posts"}],"about":[{"href":"https:\/\/www.serra.immo\/ca\/wp-json\/wp\/v2\/types\/post"}],"author":[{"embeddable":true,"href":"https:\/\/www.serra.immo\/ca\/wp-json\/wp\/v2\/users\/3"}],"replies":[{"embeddable":true,"href":"https:\/\/www.serra.immo\/ca\/wp-json\/wp\/v2\/comments?post=441"}],"version-history":[{"count":0,"href":"https:\/\/www.serra.immo\/ca\/wp-json\/wp\/v2\/posts\/441\/revisions"}],"wp:featuredmedia":[{"embeddable":true,"href":"https:\/\/www.serra.immo\/ca\/wp-json\/"}],"wp:attachment":[{"href":"https:\/\/www.serra.immo\/ca\/wp-json\/wp\/v2\/media?parent=441"}],"wp:term":[{"taxonomy":"category","embeddable":true,"href":"https:\/\/www.serra.immo\/ca\/wp-json\/wp\/v2\/categories?post=441"},{"taxonomy":"post_tag","embeddable":true,"href":"https:\/\/www.serra.immo\/ca\/wp-json\/wp\/v2\/tags?post=441"}],"curies":[{"name":"wp","href":"https:\/\/api.w.org\/{rel}","templated":true}]}}