{"id":437961,"date":"2020-08-13T13:35:55","date_gmt":"2020-08-13T12:35:55","guid":{"rendered":"https:\/\/serra.immo\/?p=437961"},"modified":"2024-12-24T15:38:38","modified_gmt":"2024-12-24T14:38:38","slug":"com-seran-els-habitatges-del-futur","status":"publish","type":"post","link":"https:\/\/www.serra.immo\/ca\/como-seran-las-viviendas-del-futuro\/","title":{"rendered":"Com seran els habitatges del futur"},"content":{"rendered":"<p>L&#039;impacte de la pand\u00e8mia ha transformat profundament la nostra percepci\u00f3 de casa. Aspectes que abans semblaven secundaris, com ara la funcionalitat, la sostenibilitat o la connexi\u00f3 amb la natura, ara s\u00f3n essencials. Arquitectes, dissenyadors i constructors de tot el m\u00f3n ja treballen en la reinvenci\u00f3 del model d&#039;habitatge per adaptar-lo a les necessitats noves de les fam\u00edlies modernes. A continuaci\u00f3, explorem com seran els habitatges del futur i quines tend\u00e8ncies marcaran el sector immobiliari els propers anys.<\/p>\n<h2><strong>L&#039;evoluci\u00f3 del concepte de la llar<\/strong><\/h2>\n<p>La pand\u00e8mia del COVID-19 va evidenciar les mancances de molts habitatges tradicionals, sobretot durant els llargs per\u00edodes de confinament. El teletreball, l&#039;educaci\u00f3 a dist\u00e0ncia i la conviv\u00e8ncia intensiva van portar moltes fam\u00edlies a replantejar-se el seu espai vital. Aquesta realitat ha impulsat la demanda dimmobles amb caracter\u00edstiques espec\u00edfiques que promoguin la comoditat, la versatilitat i el benestar.<\/p>\n<p>Avui dia, les persones busquen habitatges que no nom\u00e9s siguin un lloc per descansar, sin\u00f3 que tamb\u00e9 s&#039;adaptin a activitats com treballar, estudiar i fer exercici. Aix\u00f2 ha fet que els espais multifuncionals, l\u201fefici\u00e8ncia energ\u00e8tica i la connexi\u00f3 amb l\u201fexterior siguin m\u00e9s valorats que mai.<\/p>\n<h2><strong>Com seran els habitatges del futur per dins<\/strong><\/h2>\n<p>Els habitatges del futur estaran dissenyats per ser vers\u00e0tils i adaptables. Algunes de les principals caracter\u00edstiques inclouen:<\/p>\n<ul>\n<li><strong>Espais multifuncionals:<\/strong> L&#039;\u00fas d&#039;envans m\u00f2bils, portes corredisses i panells permetr\u00e0 configurar espais segons les necessitats del moment combinant zones de treball, descans i lleure.<\/li>\n<li><strong>Major lluminositat:<\/strong> La llum natural ser\u00e0 priorit\u00e0ria per millorar el benestar i reduir el consum energ\u00e8tic. Grans finestrals i patis interiors seran habituals als dissenys moderns.<\/li>\n<li><strong>Zones obertes:<\/strong> La integraci\u00f3 de jardins, balcons i terrasses com a extensions naturals de la llar ser\u00e0 imprescindible, oferint un refugi en cas de nous confinaments.<\/li>\n<\/ul>\n<p>Si est\u00e0s pensant en adquirir un habitatge que s&#039;ajusti a aquestes caracter\u00edstiques, et recomanem explorar les nostres opcions a <strong><a href=\"https:\/\/www.serra.immo\/ca\/immobiliaria-serra-sitges\/\" target=\"_new\" rel=\"noopener\">Sitges<\/a><\/strong> o <strong><a href=\"https:\/\/www.serra.immo\/ca\/immobiliaria-serra-vilanova-i-la-geltru-central\/\" target=\"_new\" rel=\"noopener\">Vilanova i la Geltr\u00fa<\/a><\/strong>.<\/p>\n<h2><strong>Cases ecol\u00f2giques i autosuficients<\/strong><\/h2>\n<p>La sostenibilitat \u00e9s una tend\u00e8ncia que ha arribat per quedar-se. Els habitatges del futur no nom\u00e9s seran m\u00e9s respectuosos amb el medi ambient, sin\u00f3 que tamb\u00e9 estaran dissenyats per ser autosuficients.<\/p>\n<ul>\n<li><strong>Energia renovable:<\/strong> L&#039;\u00fas de panells solars als sostres i sistemes d&#039;emmagatzematge d&#039;energia ser\u00e0 est\u00e0ndard.<\/li>\n<li><strong>Materials sostenibles:<\/strong> El bamb\u00fa, el suro i altres biomaterials guanyaran protagonisme a la construcci\u00f3, reduint les emissions de CO2.<\/li>\n<li><strong>Producci\u00f3 pr\u00f2pia:<\/strong> Molts habitatges estaran equipats amb sistemes per cultivar aliments a terrasses o patis, promovent l&#039;autosufici\u00e8ncia aliment\u00e0ria.<\/li>\n<\/ul>\n<p>La integraci\u00f3 daquestes tecnologies permetr\u00e0 reduir significativament els costos de manteniment i millorar\u00e0 la qualitat de vida dels habitants. A la nostra secci\u00f3 de <strong><a href=\"https:\/\/www.serra.immo\/ca\/inversion-immobiliaria-a-penedes-i-garraf\/\" target=\"_new\" rel=\"noopener\">inversi\u00f3 immobili\u00e0ria<\/a><\/strong> hi pots trobar projectes que ja incorporen aquestes tend\u00e8ncies.<\/p>\n<h2><strong>El paper de la tecnologia a la llar del futur<\/strong><\/h2>\n<p>La tecnologia ser\u00e0 clau als habitatges moderns. La dom\u00f2tica i l&#039;Internet de les Coses (IoT) estaran presents a la majoria de les llars, facilitant l&#039;automatitzaci\u00f3 i el control remot de diverses funcions:<\/p>\n<ul>\n<li><strong>Sistemes de climatitzaci\u00f3 intel\u00b7ligent:<\/strong> Adaptaran la temperatura i la ventilaci\u00f3 segons les prefer\u00e8ncies dels ocupants i les condicions clim\u00e0tiques.<\/li>\n<li><strong>Seguretat avan\u00e7ada:<\/strong> Cambres, sensors i sistemes d\u00b4alerta garantiran la tranquil\u00b7litat de les fam\u00edlies.<\/li>\n<li><strong>Gesti\u00f3 eficient de recursos:<\/strong> Des del control del consum d\u201faigua fins a la programaci\u00f3 d\u201felectrodom\u00e8stics per optimitzar l\u201fenergia.<\/li>\n<\/ul>\n<p>Si busques habitatges equipats amb aquestes innovacions, consulta les nostres propietats a <strong><a href=\"https:\/\/www.serra.immo\/ca\/immobiliaria-serra-sant-pere-de-ribes\/\" target=\"_new\" rel=\"noopener\">Cubelles<\/a><\/strong>, un lloc ideal per gaudir d&#039;un entorn tranquil sense renunciar a la tecnologia.<\/p>\n<h2><strong>Per qu\u00e8 la sostenibilitat ser\u00e0 un requisit imprescindible<\/strong><\/h2>\n<p>El 2025, la sostenibilitat ja no ser\u00e0 un valor afegit, sin\u00f3 un requisit indispensable a la compra d&#039;habitatges. Les noves generacions demanen llars que no nom\u00e9s siguin c\u00f2modes, sin\u00f3 que tamb\u00e9 contribueixin a tenir cura del medi ambient. A m\u00e9s, les normatives europees estan fomentant la construcci\u00f3 d&#039;edificis d&#039;energia gaireb\u00e9 nul\u00b7la (NZEB), cosa que impulsar\u00e0 el desenvolupament d&#039;habitatges m\u00e9s eficients.<\/p>\n<p>A Serra Grup Immobiliari estem compromesos amb aquestes transformacions. Si vols explorar les oportunitats que ofereix el mercat immobiliari actual, no dubtis en contactar amb nosaltres a trav\u00e9s del nostre formulari a la <strong><a href=\"https:\/\/www.serra.immo\/ca\/contacte\/\" target=\"_new\" rel=\"noopener\">p\u00e0gina de contacte<\/a><\/strong>.<\/p>\n<h2><strong>Conclusi\u00f3: El futur ja \u00e9s aqu\u00ed<\/strong><\/h2>\n<p>El sector immobiliari est\u00e0 en plena evoluci\u00f3 per adaptar-se a les noves demandes socials i ambientals. Els habitatges del futur seran un reflex daquest canvi, combinant tecnologia, sostenibilitat i disseny intel\u00b7ligent per oferir espais que realment millorin la qualitat de vida.<\/p>\n<p>A <strong><a href=\"https:\/\/www.serra.immo\/ca\/\" target=\"_new\" rel=\"noopener\">Serra Grup Immobiliari<\/a><\/strong>, entenem aquestes necessitats i treballem per oferir-te solucions innovadores i personalitzades. Contacta&#039;ns avui i troba la casa dels teus somnis en un entorn que mira cap al futur.<\/p>","protected":false},"excerpt":{"rendered":"<p>El impacto de la pandemia ha transformado profundamente nuestra percepci\u00f3n del hogar. Aspectos que antes parec\u00edan secundarios, como la funcionalidad, la sostenibilidad o la conexi\u00f3n con la naturaleza, ahora son esenciales. Arquitectos, dise\u00f1adores y constructores de todo el mundo ya trabajan en la reinvenci\u00f3n del modelo de vivienda para adaptarlo a las nuevas necesidades de [&hellip;]<\/p>\n","protected":false},"author":3,"featured_media":1225787,"comment_status":"closed","ping_status":"closed","sticky":false,"template":"","format":"standard","meta":{"footnotes":""},"categories":[279],"tags":[],"class_list":["post-437961","post","type-post","status-publish","format-standard","has-post-thumbnail","hentry","category-inmobiliariasssssss"],"_links":{"self":[{"href":"https:\/\/www.serra.immo\/ca\/wp-json\/wp\/v2\/posts\/437961","targetHints":{"allow":["GET"]}}],"collection":[{"href":"https:\/\/www.serra.immo\/ca\/wp-json\/wp\/v2\/posts"}],"about":[{"href":"https:\/\/www.serra.immo\/ca\/wp-json\/wp\/v2\/types\/post"}],"author":[{"embeddable":true,"href":"https:\/\/www.serra.immo\/ca\/wp-json\/wp\/v2\/users\/3"}],"replies":[{"embeddable":true,"href":"https:\/\/www.serra.immo\/ca\/wp-json\/wp\/v2\/comments?post=437961"}],"version-history":[{"count":1,"href":"https:\/\/www.serra.immo\/ca\/wp-json\/wp\/v2\/posts\/437961\/revisions"}],"predecessor-version":[{"id":1225788,"href":"https:\/\/www.serra.immo\/ca\/wp-json\/wp\/v2\/posts\/437961\/revisions\/1225788"}],"wp:featuredmedia":[{"embeddable":true,"href":"https:\/\/www.serra.immo\/ca\/wp-json\/wp\/v2\/media\/1225787"}],"wp:attachment":[{"href":"https:\/\/www.serra.immo\/ca\/wp-json\/wp\/v2\/media?parent=437961"}],"wp:term":[{"taxonomy":"category","embeddable":true,"href":"https:\/\/www.serra.immo\/ca\/wp-json\/wp\/v2\/categories?post=437961"},{"taxonomy":"post_tag","embeddable":true,"href":"https:\/\/www.serra.immo\/ca\/wp-json\/wp\/v2\/tags?post=437961"}],"curies":[{"name":"wp","href":"https:\/\/api.w.org\/{rel}","templated":true}]}}