{"id":412,"date":"2016-02-04T09:47:58","date_gmt":"2016-02-04T09:47:58","guid":{"rendered":"http:\/\/serra.immo\/?p=412"},"modified":"2024-12-23T16:28:57","modified_gmt":"2024-12-23T15:28:57","slug":"els-administradors-de-serra-acreditats-com-a-oficials-habilitats-per-col%c2%b7legi-dadministradors-de-finques-de-barcelona-i-lleida","status":"publish","type":"post","link":"https:\/\/www.serra.immo\/ca\/los-administradores-de-serra-acreditados-como-oficiales-habilitados-por-col%c2%b7legi-dadministradors-de-finques-de-barcelona-i-lleida\/","title":{"rendered":"Els administradors de Serra acreditats com a Oficials Habilitats per Col\u00b7legi d&#039;Administradors de Finques de Barcelona i Lleida."},"content":{"rendered":"<p><strong>Alex Otero<\/strong> i <strong>David Barrientos<\/strong>, gestors de comunitats de <strong>Serra Experi\u00e8ncia Immobili\u00e0ria<\/strong>, han estat reconeguts oficialment com <strong>Oficials Habilitats per a la gesti\u00f3 de comunitats<\/strong>, una acreditaci\u00f3 atorgada pel <a href=\"https:\/\/www.cafbl.cat\/\" target=\"_blank\" rel=\"noopener\"><strong>Col\u00b7legi d&#039;Administradors de Finques de Barcelona i Lleida (CAFBL)<\/strong><\/a>.Aquesta certificaci\u00f3 \u00e9s el resultat d&#039;un rigor\u00f3s programa formatiu dissenyat per validar i garantir el seu coneixement especialitzat en el sector.<\/p>\n<h2>Formaci\u00f3 especialitzada i \u00e0mplia experi\u00e8ncia en administraci\u00f3 de finques<\/h2>\n<p>Otero i Barrientos compten amb una s\u00f2lida traject\u00f2ria professional com a administradors de comunitats en municipis com <strong>Vilanova i la Geltr\u00fa<\/strong> i <strong>Vilafranca del Pened\u00e8s<\/strong>, cosa que els ha perm\u00e8s acumular valuosa experi\u00e8ncia en la gesti\u00f3 de propietats horitzontals. Amb l&#039;obtenci\u00f3 d&#039;aquesta certificaci\u00f3, tots dos professionals han ampliat i aprofundit en els coneixements t\u00e8cnics i legals, i han consolidat la posici\u00f3 com a referents en l&#039;\u00e0mbit de l&#039;administraci\u00f3 de finques.<\/p>\n<p>El <strong>CAFBL<\/strong>, a trav\u00e9s d&#039;aquesta acreditaci\u00f3, destaca la import\u00e0ncia de comptar amb professionals altament capacitats i amb experi\u00e8ncia demostrada, assegurant que els administradors col\u00b7legiats tinguin el suport necessari per oferir serveis amb totes les garanties legals i \u00e8tiques.<\/p>\n<h3>Comprom\u00eds amb excel\u00b7l\u00e8ncia i \u00e8tica professional<\/h3>\n<p>La <strong>col\u00b7legiaci\u00f3<\/strong> al CAFBL no nom\u00e9s \u00e9s un segell de garantia professional, sin\u00f3 tamb\u00e9 un comprom\u00eds ferm amb la <strong>excel\u00b7l\u00e8ncia, l&#039;\u00e8tica i el rigor professional<\/strong>. A <a href=\"https:\/\/www.serra.immo\/ca\/\"><strong>Serra Immobili\u00e0ria<\/strong><\/a>, aquest comprom\u00eds es tradueix en un esfor\u00e7 constant per millorar la qualitat del servei ofert, combatent l&#039;intrusisme professional i promovent les millors pr\u00e0ctiques al sector.<\/p>\n<p>Ser part del CAFBL representa una <strong>gesti\u00f3 d&#039;excel\u00b7l\u00e8ncia professional<\/strong>, basada en principis de <strong>deontologia<\/strong>, actualitzaci\u00f3 constant de coneixements i l\u00fas de m\u00e8todes de treball eficients i efectius. Aix\u00f2 assegura un servei que satisf\u00e0 plenament les necessitats dels seus clients i refor\u00e7a la confian\u00e7a dipositada en els administradors col\u00b7legiats.<\/p>\n<h2>\u00bf qu\u00e8 comptar amb un administrador col\u00b7legiat?<\/h2>\n<p>Optar pels serveis d&#039;un administrador col\u00b7legiat implica m\u00faltiples avantatges:<\/p>\n<ol>\n<li><strong>Garantia de professionalitat<\/strong>: Els administradors col\u00b7legiats compten amb formaci\u00f3 especialitzada i actualitzada.<\/li>\n<li><strong>Compliment normatiu<\/strong>: Coneixen a profunditat les lleis aplicables al sector immobiliari i de comunitats.<\/li>\n<li><strong>Resoluci\u00f3 efica\u00e7 de problemes<\/strong>: La seva experi\u00e8ncia els permet gestionar de manera efectiva conflictes o incid\u00e8ncies.<\/li>\n<li><strong>\u00c8tica i transpar\u00e8ncia<\/strong>: Treballen sota un codi \u00e8tic que assegura pr\u00e0ctiques justes i responsables.<\/li>\n<\/ol>\n<h3>Sobre Serra Immobili\u00e0ria<\/h3>\n<p>Amb anys d&#039;experi\u00e8ncia al sector, <a href=\"https:\/\/www.serra.immo\/ca\/\"><strong>Serra Immobili\u00e0ria<\/strong><\/a> s&#039;ha consolidat com una empresa l\u00edder en la gesti\u00f3 de comunitats i finques a <strong>Barcelona, Lleida i rodalies<\/strong>. La seva vinculaci\u00f3 al CAFBL subratlla el comprom\u00eds amb la qualitat i la millora cont\u00ednua, oferint un servei integral basat en la confian\u00e7a i la professionalitat.<\/p>\n<p>Per a m\u00e9s informaci\u00f3 sobre els serveis oferts per Serra o per con\u00e8ixer com et poden ajudar en la gesti\u00f3 de la teva comunitat, no dubtis en contactar-nos.<\/p>","protected":false},"excerpt":{"rendered":"<p>Alex Otero y David Barrientos, gestores de comunidades de Serra Experi\u00e8ncia Immobili\u00e0ria, han sido reconocidos oficialmente como Oficiales Habilitados para la gesti\u00f3n de comunidades, una acreditaci\u00f3n otorgada por el Col\u00b7legi d\u2019Administradors de Finques de Barcelona i Lleida (CAFBL). Esta certificaci\u00f3n es el resultado de un riguroso programa formativo dise\u00f1ado para validar y garantizar su conocimiento [&hellip;]<\/p>\n","protected":false},"author":3,"featured_media":413,"comment_status":"closed","ping_status":"closed","sticky":false,"template":"","format":"standard","meta":{"footnotes":""},"categories":[277],"tags":[],"class_list":["post-412","post","type-post","status-publish","format-standard","has-post-thumbnail","hentry","category-actualidad"],"_links":{"self":[{"href":"https:\/\/www.serra.immo\/ca\/wp-json\/wp\/v2\/posts\/412","targetHints":{"allow":["GET"]}}],"collection":[{"href":"https:\/\/www.serra.immo\/ca\/wp-json\/wp\/v2\/posts"}],"about":[{"href":"https:\/\/www.serra.immo\/ca\/wp-json\/wp\/v2\/types\/post"}],"author":[{"embeddable":true,"href":"https:\/\/www.serra.immo\/ca\/wp-json\/wp\/v2\/users\/3"}],"replies":[{"embeddable":true,"href":"https:\/\/www.serra.immo\/ca\/wp-json\/wp\/v2\/comments?post=412"}],"version-history":[{"count":2,"href":"https:\/\/www.serra.immo\/ca\/wp-json\/wp\/v2\/posts\/412\/revisions"}],"predecessor-version":[{"id":1225698,"href":"https:\/\/www.serra.immo\/ca\/wp-json\/wp\/v2\/posts\/412\/revisions\/1225698"}],"wp:featuredmedia":[{"embeddable":true,"href":"https:\/\/www.serra.immo\/ca\/wp-json\/"}],"wp:attachment":[{"href":"https:\/\/www.serra.immo\/ca\/wp-json\/wp\/v2\/media?parent=412"}],"wp:term":[{"taxonomy":"category","embeddable":true,"href":"https:\/\/www.serra.immo\/ca\/wp-json\/wp\/v2\/categories?post=412"},{"taxonomy":"post_tag","embeddable":true,"href":"https:\/\/www.serra.immo\/ca\/wp-json\/wp\/v2\/tags?post=412"}],"curies":[{"name":"wp","href":"https:\/\/api.w.org\/{rel}","templated":true}]}}