{"id":409,"date":"2016-01-11T09:46:02","date_gmt":"2016-01-11T09:46:02","guid":{"rendered":"http:\/\/serra.immo\/?p=409"},"modified":"2016-01-11T09:46:02","modified_gmt":"2016-01-11T09:46:02","slug":"serra-col%c2%b7labora-amb-el-programa-social-del-casal-societat-la-principal-de-vilafranca-del-penedes","status":"publish","type":"post","link":"https:\/\/www.serra.immo\/ca\/serra-colabora-con-el-programa-social-del-casal-societat-la-principal-de-vilafranca-del-penedes\/","title":{"rendered":"Serra col\u00b7labora amb el programa social del Casal \u2013 Societat La Principal de Vilafranca del Pened\u00e8s."},"content":{"rendered":"<p>[:es]En Serra Experi\u00e8ncia Immobili\u00e0ria cuidamos la calidad de vida de las personas, y siguiendo esta filosof\u00eda, quer\u00edamos ayudar a las familias numerosas que forman parte de la entidad y que, desgraciadamente, quedaron excluidas del programa de ayudas familiares del 2015\/2016, asumiendo una parte de la cuota mensual durante el primer semestre de 2016.<\/p>\n<p>Esta l\u00ednea de ayudas, complementa los actuales programas de becas de los cuales ya dispone el Casal, para familias monoparentales y en riesgo de exclusi\u00f3n. Este programa, en el mes de setiembre, no hab\u00eda podido dar cobertura a las familias numerosas, pero gracias a Serra, estas familias recibir\u00e1n ahora la ayuda necesaria parra hacer frente a las cuotas mensuales de socio.<\/p>\n<p>Para nosotros es un orgullo poder colaborar con una instituci\u00f3n tan importante para la comarca del Pened\u00e8s, y para su gente, como lo es el Casal \u2013 Societat La Principal. Una colaboraci\u00f3n que pretende ayudar a las familias que m\u00e1s lo necesitan, a que puedan continuar accediendo a los servicios que proporciona el Casal.[:ca]A Serra Experi\u00e8ncia immobili\u00e0ria, vetllem per la qualitat de vida de les persones, i en aquesta l\u00ednia, volem ajudar a les fam\u00edlies nombroses que formen part de l\u2019entitat i que, malauradament, van quedar excloses del programa d\u2019ajuts familiars 2015\/2016, assumint una part de la quota mensual durant el primer semestre del 2016.<\/p>\n<p>Aquesta l\u00ednia de suport complementa els programes actuals de beques que ja t\u00e9 el Casal, que ajuden a fam\u00edlies monoparentals i fam\u00edlies en risc d\u2019exclusi\u00f3. Aquest programa, al mes de setembre, no havia pogut donar cobertura a les fam\u00edlies nombroses, per\u00f2 ara, gr\u00e0cies a Serra, aquestes fam\u00edlies rebran l\u2019ajuda necess\u00e0ria per a fer front a la quota mensual de soci.<\/p>\n<p>Per a nosaltres, \u00e9s un orgull poder col\u00b7laborar amb una instituci\u00f3 tan important per al Pened\u00e8s, i per la seva gent, com ho \u00e9s el Casal \u2013 Societat la Principal. Una col\u00b7laboraci\u00f3 que pret\u00e9n ajudar a les fam\u00edlies que m\u00e9s ho necessiten, a qu\u00e8 puguin continuar accedint als serveis que proporciona el Casal.[:]<\/p>\n","protected":false},"excerpt":{"rendered":"<p>[:es]En Serra Experi\u00e8ncia Immobili\u00e0ria cuidamos la calidad de vida de las personas, y siguiendo esta filosof\u00eda, quer\u00edamos ayudar a las familias numerosas que forman parte de la entidad y que, desgraciadamente, quedaron excluidas del programa de ayudas familiares del 2015\/2016, asumiendo una parte de la cuota mensual durante el primer semestre de 2016. Esta l\u00ednea [&hellip;]<\/p>\n","protected":false},"author":3,"featured_media":410,"comment_status":"closed","ping_status":"closed","sticky":false,"template":"","format":"standard","meta":{"footnotes":""},"categories":[277],"tags":[],"class_list":["post-409","post","type-post","status-publish","format-standard","has-post-thumbnail","hentry","category-actualidad"],"_links":{"self":[{"href":"https:\/\/www.serra.immo\/ca\/wp-json\/wp\/v2\/posts\/409","targetHints":{"allow":["GET"]}}],"collection":[{"href":"https:\/\/www.serra.immo\/ca\/wp-json\/wp\/v2\/posts"}],"about":[{"href":"https:\/\/www.serra.immo\/ca\/wp-json\/wp\/v2\/types\/post"}],"author":[{"embeddable":true,"href":"https:\/\/www.serra.immo\/ca\/wp-json\/wp\/v2\/users\/3"}],"replies":[{"embeddable":true,"href":"https:\/\/www.serra.immo\/ca\/wp-json\/wp\/v2\/comments?post=409"}],"version-history":[{"count":0,"href":"https:\/\/www.serra.immo\/ca\/wp-json\/wp\/v2\/posts\/409\/revisions"}],"wp:featuredmedia":[{"embeddable":true,"href":"https:\/\/www.serra.immo\/ca\/wp-json\/"}],"wp:attachment":[{"href":"https:\/\/www.serra.immo\/ca\/wp-json\/wp\/v2\/media?parent=409"}],"wp:term":[{"taxonomy":"category","embeddable":true,"href":"https:\/\/www.serra.immo\/ca\/wp-json\/wp\/v2\/categories?post=409"},{"taxonomy":"post_tag","embeddable":true,"href":"https:\/\/www.serra.immo\/ca\/wp-json\/wp\/v2\/tags?post=409"}],"curies":[{"name":"wp","href":"https:\/\/api.w.org\/{rel}","templated":true}]}}