{"id":40811,"date":"2019-05-08T11:57:57","date_gmt":"2019-05-08T11:57:57","guid":{"rendered":"https:\/\/serra.immo\/?p=40811"},"modified":"2019-05-08T11:57:57","modified_gmt":"2019-05-08T11:57:57","slug":"serra-grup-immobiliari-patrocinador-del-musicveu-de-vilafranca-del-penedes","status":"publish","type":"post","link":"https:\/\/www.serra.immo\/ca\/serra-grup-immobiliari-patrocinador-del-musicveu-de-vilafranca-del-penedes\/","title":{"rendered":"Serra Grup Immobiliari, patrocinador del MUSiCVEU de Vilafranca del Pened\u00e8s"},"content":{"rendered":"<p>[:es]Serra Grup Immobiliari colabora, un a\u00f1o m\u00e1s, en el patrocinio de MUSiCVEU, festival de referencia en el Pened\u00e8s. La cita, que se celebr\u00f3 del 24 de noviembre de 2018 al 5 de mayo de 2019 en el F\u00f2rum Berger Balaguer de Vilafranca, reuni\u00f3 artistas de diversos estilos que captivaron al p\u00fablico asistente.<\/p>\n<p>De la mano de In Crescendo, Lloll Bertran, la Sant Andreu Jazz Band&#8230; MUSiCVEU ha promovido de nuevo la cultura gracias a la participaci\u00f3n de colaboradores como Serra Grup Immobiliari. Una iniciativa que es un \u00e9xito absoluto desde hace cinco a\u00f1os.[:ca]Serra Grup Immobiliari col\u00b7labora, un any m\u00e9s, en el patrocini del MUSiCVEU, festival de refer\u00e8ncia al Pened\u00e8s. La cita, que ve tindre lloc del 24 de novembre del 2018 al 5 de maig del 2019 al F\u00f2rum Berger Balaguer de Vilafranca, va reunir artistes de diversos estils que van captivar el p\u00fablic assistent.<\/p>\n<p>De la m\u00e0 d\u2019In Crescendo, Lloll Bertran, la Sant Andreu Jazz Band&#8230; el MUSiCVEU ha promogut de nou la cultura gr\u00e0cies a la participaci\u00f3 de col\u00b7laboradors com Serra Grup Immobiliari. Una iniciativa que \u00e9s tot un \u00e8xit des de fa cinc anys.[:]<\/p>\n","protected":false},"excerpt":{"rendered":"<p>[:es]Serra Grup Immobiliari colabora, un a\u00f1o m\u00e1s, en el patrocinio de MUSiCVEU, festival de referencia en el Pened\u00e8s. La cita, que se celebr\u00f3 del 24 de noviembre de 2018 al 5 de mayo de 2019 en el F\u00f2rum Berger Balaguer de Vilafranca, reuni\u00f3 artistas de diversos estilos que captivaron al p\u00fablico asistente. De la mano [&hellip;]<\/p>\n","protected":false},"author":3,"featured_media":80636,"comment_status":"closed","ping_status":"closed","sticky":false,"template":"","format":"standard","meta":{"footnotes":""},"categories":[277],"tags":[],"class_list":["post-40811","post","type-post","status-publish","format-standard","has-post-thumbnail","hentry","category-actualidad"],"_links":{"self":[{"href":"https:\/\/www.serra.immo\/ca\/wp-json\/wp\/v2\/posts\/40811","targetHints":{"allow":["GET"]}}],"collection":[{"href":"https:\/\/www.serra.immo\/ca\/wp-json\/wp\/v2\/posts"}],"about":[{"href":"https:\/\/www.serra.immo\/ca\/wp-json\/wp\/v2\/types\/post"}],"author":[{"embeddable":true,"href":"https:\/\/www.serra.immo\/ca\/wp-json\/wp\/v2\/users\/3"}],"replies":[{"embeddable":true,"href":"https:\/\/www.serra.immo\/ca\/wp-json\/wp\/v2\/comments?post=40811"}],"version-history":[{"count":0,"href":"https:\/\/www.serra.immo\/ca\/wp-json\/wp\/v2\/posts\/40811\/revisions"}],"wp:featuredmedia":[{"embeddable":true,"href":"https:\/\/www.serra.immo\/ca\/wp-json\/"}],"wp:attachment":[{"href":"https:\/\/www.serra.immo\/ca\/wp-json\/wp\/v2\/media?parent=40811"}],"wp:term":[{"taxonomy":"category","embeddable":true,"href":"https:\/\/www.serra.immo\/ca\/wp-json\/wp\/v2\/categories?post=40811"},{"taxonomy":"post_tag","embeddable":true,"href":"https:\/\/www.serra.immo\/ca\/wp-json\/wp\/v2\/tags?post=40811"}],"curies":[{"name":"wp","href":"https:\/\/api.w.org\/{rel}","templated":true}]}}