{"id":40803,"date":"2019-06-20T09:00:27","date_gmt":"2019-06-20T09:00:27","guid":{"rendered":"https:\/\/serra.immo\/?p=40803"},"modified":"2019-06-20T09:00:27","modified_gmt":"2019-06-20T09:00:27","slug":"serra-inaugura-una-nova-oficina-a-vilanova-i-la-geltru","status":"publish","type":"post","link":"https:\/\/www.serra.immo\/ca\/serra-inaugura-una-nueva-oficina-en-vilanova-i-la-geltru\/","title":{"rendered":"Serra inaugura una nova oficina a Vilanova i la Geltr\u00fa"},"content":{"rendered":"<p>[:es]Serra ha inaugurado, este mi\u00e9rcoles d\u00eda 19 de junio, su nueva oficina. <strong>Ubicada en la calle Pius X, 17<\/strong>, concentra las que estaban situadas en la calle Picapedrers y en la plaza Soler i Carbonell. La oficina inmobiliaria situada en la Rambla Principal, 26 mantiene su localizaci\u00f3n.<\/p>\n<p><img fetchpriority=\"high\" decoding=\"async\" class=\"alignright size-medium wp-image-80634\" src=\"https:\/\/serra.immo\/wp-content\/uploads\/2019\/06\/Inauguracio\u0301-6_Serra-300x225.jpg\" alt=\"\" width=\"300\" height=\"225\" title=\"\"><img decoding=\"async\" class=\"alignnone size-full wp-image-40804\" src=\"https:\/\/serra.immo\/wp-content\/uploads\/2019\/07\/Inauguracio\u0301-3_Serra.jpg\" alt=\"\" width=\"2016\" height=\"1512\" title=\"\"><\/p>\n<p>Propietarios, proveedores, industriales, trabajadores\u2026 M\u00e1s de una cincuentena de personas han asistido a una inauguraci\u00f3n que marca una <strong>nueva etapa para la empresa<\/strong> inmobiliaria referente en el Garraf y el Pened\u00e8s. \u00c9sta viene marcada por una <strong>renovaci\u00f3n de su imagen corporativa<\/strong>, adquiriendo el color negro para el grupo inmobiliario y el verde, el naranja y el azul para sus tres \u00e1mbitos de actuaci\u00f3n: inmobiliaria, patrimonial y de seguros, respectivamente.<\/p>\n<p><img decoding=\"async\" class=\"alignnone size-full wp-image-40805\" src=\"https:\/\/serra.immo\/wp-content\/uploads\/2019\/07\/Inauguracio\u0301-6_Serra.jpg\" alt=\"\" width=\"2016\" height=\"1512\" title=\"\"><\/p>\n<p>Estaremos encantados de recibirlo de 8 h. a 15 h. durante los meses de julio y agosto y, el resto del a\u00f1o, de 9 h. a 18 h. \u00a1No cerramos al mediod\u00eda![:ca]Serra ha inaugurat, aquest dimecres dia 19 de juny, la seva nova oficina. <strong>Ubicada al carrer Pius X, 17<\/strong>, concentra les que estaven situades al carrer Picapedrers i a la pla\u00e7a Soler i Carbonell. L\u2019oficina immobili\u00e0ria situada a la Rambla Principal, 26 mant\u00e9 la seva localitzaci\u00f3.<\/p>\n<p><img fetchpriority=\"high\" decoding=\"async\" class=\"alignright size-medium wp-image-80634\" src=\"https:\/\/serra.immo\/wp-content\/uploads\/2019\/06\/Inauguracio\u0301-6_Serra-300x225.jpg\" alt=\"\" width=\"300\" height=\"225\" title=\"\"><\/p>\n<p>Propietaris, prove\u00efdors, industrials, treballadors&#8230; M\u00e9s d\u2019una cinquantena de persones han assistit a una inauguraci\u00f3 que marca una <strong>nova etapa per l\u2019empresa<\/strong> immobili\u00e0ria referent al Garraf i al Pened\u00e8s. Aquesta ve marcada per una <strong>renovaci\u00f3 de la seva imatge corporativa<\/strong>, adquirint el color negre pel grup immobiliari i el verd, taronja i blau per la vessant immobili\u00e0ria, de gesti\u00f3 patrimonial i d\u2019assegurances, respectivament.<\/p>\n<p>&nbsp;<\/p>\n<p>Estarem encantats de rebre\u2019l de 8 h. a 15 h. durant els mesos de juliol i agost i, la resta de l\u2019any, de 9 h. a 18 h. No tanquem al migdia![:]<\/p>\n","protected":false},"excerpt":{"rendered":"<p>[:es]Serra ha inaugurado, este mi\u00e9rcoles d\u00eda 19 de junio, su nueva oficina. Ubicada en la calle Pius X, 17, concentra las que estaban situadas en la calle Picapedrers y en la plaza Soler i Carbonell. La oficina inmobiliaria situada en la Rambla Principal, 26 mantiene su localizaci\u00f3n. Propietarios, proveedores, industriales, trabajadores\u2026 M\u00e1s de una cincuentena [&hellip;]<\/p>\n","protected":false},"author":3,"featured_media":80632,"comment_status":"closed","ping_status":"closed","sticky":false,"template":"","format":"standard","meta":{"footnotes":""},"categories":[277],"tags":[],"class_list":["post-40803","post","type-post","status-publish","format-standard","has-post-thumbnail","hentry","category-actualidad"],"_links":{"self":[{"href":"https:\/\/www.serra.immo\/ca\/wp-json\/wp\/v2\/posts\/40803","targetHints":{"allow":["GET"]}}],"collection":[{"href":"https:\/\/www.serra.immo\/ca\/wp-json\/wp\/v2\/posts"}],"about":[{"href":"https:\/\/www.serra.immo\/ca\/wp-json\/wp\/v2\/types\/post"}],"author":[{"embeddable":true,"href":"https:\/\/www.serra.immo\/ca\/wp-json\/wp\/v2\/users\/3"}],"replies":[{"embeddable":true,"href":"https:\/\/www.serra.immo\/ca\/wp-json\/wp\/v2\/comments?post=40803"}],"version-history":[{"count":0,"href":"https:\/\/www.serra.immo\/ca\/wp-json\/wp\/v2\/posts\/40803\/revisions"}],"wp:featuredmedia":[{"embeddable":true,"href":"https:\/\/www.serra.immo\/ca\/wp-json\/"}],"wp:attachment":[{"href":"https:\/\/www.serra.immo\/ca\/wp-json\/wp\/v2\/media?parent=40803"}],"wp:term":[{"taxonomy":"category","embeddable":true,"href":"https:\/\/www.serra.immo\/ca\/wp-json\/wp\/v2\/categories?post=40803"},{"taxonomy":"post_tag","embeddable":true,"href":"https:\/\/www.serra.immo\/ca\/wp-json\/wp\/v2\/tags?post=40803"}],"curies":[{"name":"wp","href":"https:\/\/api.w.org\/{rel}","templated":true}]}}