{"id":394,"date":"2015-05-28T09:26:38","date_gmt":"2015-05-28T09:26:38","guid":{"rendered":"http:\/\/serra.immo\/?p=394"},"modified":"2024-12-23T16:49:10","modified_gmt":"2024-12-23T15:49:10","slug":"decret-inspeccio-tecnica-dels-edificis-ite","status":"publish","type":"post","link":"https:\/\/www.serra.immo\/ca\/decreto-inspeccion-tecnica-de-los-edificios-ite\/","title":{"rendered":"Decret de la inspecci\u00f3 t\u00e8cnica dels edificis (ITE)"},"content":{"rendered":"<p>La <strong>Inspecci\u00f3 T\u00e8cnica dels Edificis (ITE)<\/strong> \u00e9s un sistema obligatori de control peri\u00f2dic que garanteix que els propietaris mantinguin els immobles en condicions \u00f2ptimes de conservaci\u00f3, rehabilitaci\u00f3 i seguretat. Aquest procediment cerca evitar riscos, promoure el manteniment preventiu i correctiu, i fomentar la sostenibilitat i accessibilitat dels edificis residencials.<\/p>\n\n\n\n<p><\/p>\n\n\n\n<h2 class=\"wp-block-heading\"><strong>Qu\u00e8 \u00e9s la ITE i per qu\u00e8 \u00e9s important?<\/strong><\/h2>\n\n\n\n<p>La <strong>Inspecci\u00f3 T\u00e8cnica dels Edificis (ITE)<\/strong> verifica que les edificacions compleixin les normatives establertes per garantir-ne la seguretat i l&#039;habitabilitat. El seu objectiu principal \u00e9s detectar i solucionar problemes estructurals o funcionals abans que es converteixin en riscs greus per a les persones o els b\u00e9ns. A m\u00e9s, la ITE fomenta la cura continuada dels immobles, incentivant els propietaris a adoptar mesures proactives.<\/p>\n\n\n\n<h3 class=\"wp-block-heading\"><strong>Qu\u00e8 garanteix la ITE?<\/strong><\/h3>\n\n\n\n<ul class=\"wp-block-list\">\n<li>Seguretat per als ocupants.<\/li>\n\n\n\n<li>Conservaci\u00f3 del valor de limmoble.<\/li>\n\n\n\n<li>Compliment de les normatives vigents.<\/li>\n\n\n\n<li>Millora de la sostenibilitat i l&#039;efici\u00e8ncia energ\u00e8tica de l&#039;edifici.<\/li>\n<\/ul>\n\n\n\n<p><\/p>\n\n\n\n<h2 class=\"wp-block-heading\"><strong>El Decret 67\/2015: Un pas cap a la millora<\/strong><\/h2>\n\n\n\n<p>El <strong>Decret 67\/2015<\/strong>, vigent des del 27 de maig de 2015, introdueix una regulaci\u00f3 m\u00e9s estricta i detallada per garantir inspeccions t\u00e8cniques m\u00e9s eficaces. Aquest decret substitueix l&#039;anterior (2010) i aporta claredat sobre els tipus de defici\u00e8ncies, els terminis de vig\u00e8ncia dels certificats i els procediments de manteniment.<\/p>\n\n\n\n<h3 class=\"wp-block-heading\"><strong>Principals novetats del Decret 67\/2015<\/strong><\/h3>\n\n\n\n<h4 class=\"wp-block-heading\"><strong>1. Nova classificaci\u00f3 de defici\u00e8ncies<\/strong><\/h4>\n\n\n\n<p>El decret amplia la qualificaci\u00f3 de les defici\u00e8ncies en quatre categories, proporcionant una an\u00e0lisi m\u00e9s detallada:<\/p>\n\n\n\n<ul class=\"wp-block-list\">\n<li><strong>Molt greus<\/strong>: Risc imminent i generalitzat per a l&#039;estabilitat de l&#039;edifici i la seguretat de les persones. Requereix intervenci\u00f3 immediata.<\/li>\n\n\n\n<li><strong>Greus<\/strong>: Risc significatiu per a elements espec\u00edfics o problemes severs de salubritat. Necessiten mesures cautelars urgents.<\/li>\n\n\n\n<li><strong>Importants<\/strong>: No representen un risc immediat, per\u00f2 afecten la funcionalitat i salubritat de l&#039;edifici, i requereixen intervenci\u00f3 correctiva.<\/li>\n\n\n\n<li><strong>Lleus<\/strong>: Necessiten manteniment preventiu per evitar futurs problemes.<\/li>\n<\/ul>\n\n\n\n<h4 class=\"wp-block-heading\"><strong>2. Incorporaci\u00f3 obligat\u00f2ria de recomanacions<\/strong><\/h4>\n\n\n\n<p>El nou decret exigeix que les ITE incloguin:<\/p>\n\n\n\n<ul class=\"wp-block-list\">\n<li><strong>Recomanacions t\u00e8cniques<\/strong> per millorar la sostenibilitat i efici\u00e8ncia energ\u00e8tica.<\/li>\n\n\n\n<li>Terminis per fer accions correctives i de manteniment.<\/li>\n\n\n\n<li>Avaluacions de <strong>accessibilitat universal<\/strong> de limmoble.<\/li>\n<\/ul>\n\n\n\n<h4 class=\"wp-block-heading\"><strong>3. Terminis per realitzar la ITE<\/strong><\/h4>\n\n\n\n<p>Els terminis establerts varien segons l&#039;antiguitat i la tipologia de l&#039;edifici:<\/p>\n\n\n\n<ul class=\"wp-block-list\">\n<li><strong>Edificis plurifamiliars<\/strong>:\n<ul class=\"wp-block-list\">\n<li>Constru\u00efts abans del 1951: Ja haurien d&#039;haver passat la inspecci\u00f3.<\/li>\n\n\n\n<li>Entre 1951 i 1960: Fins al 31 de desembre del 2015.<\/li>\n\n\n\n<li>Entre 1961 i 1971: Fins al 31 de desembre del 2016.<\/li>\n\n\n\n<li>Posteriors al 1971: L&#039;any que compleixin 45 anys d&#039;antiguitat.<\/li>\n<\/ul>\n<\/li>\n\n\n\n<li><strong>Edificis unifamiliars<\/strong>:\n<ul class=\"wp-block-list\">\n<li>Constru\u00efts abans del 1900: Fins al 31 de desembre de 2016.<\/li>\n\n\n\n<li>Entre 1901 i 1930: Fins al 31 de desembre del 2017.<\/li>\n\n\n\n<li>Entre 1931 i 1950: Fins al 31 de desembre del 2018.<\/li>\n\n\n\n<li>Posteriors al 1975: L&#039;any que compleixin 45 anys d&#039;antiguitat.<\/li>\n<\/ul>\n<\/li>\n<\/ul>\n\n\n\n<p><strong>Nota<\/strong>: Els edificis unifamiliars separats almenys 1,5 metres de la via p\u00fablica o amb c\u00e8dula d&#039;habitabilitat vigent estan exempts fins que aquesta caduqui.<\/p>\n\n\n\n<h4 class=\"wp-block-heading\"><strong>4. Vig\u00e8ncia del certificat daptitud<\/strong><\/h4>\n\n\n\n<p>El certificat t\u00e9 diferents terminis de vig\u00e8ncia segons el nivell de defici\u00e8ncies detectades:<\/p>\n\n\n\n<ul class=\"wp-block-list\">\n<li><strong>10 anys<\/strong>: Si l&#039;edifici no presenta defici\u00e8ncies o nom\u00e9s t\u00e9 lleus.<\/li>\n\n\n\n<li><strong>6 anys<\/strong>: Per a defici\u00e8ncies importants, amb revisions peri\u00f2diques.<\/li>\n\n\n\n<li><strong>3 anys<\/strong>: Per a defici\u00e8ncies greus o molt greus, amb revisions anuals.<\/li>\n<\/ul>\n\n\n\n<h4 class=\"wp-block-heading\"><strong>5. Programa de rehabilitaci\u00f3<\/strong><\/h4>\n\n\n\n<p>Despr\u00e9s d&#039;obtenir el certificat d&#039;aptitud, els propietaris han d&#039;aprovar un <strong>programa de rehabilitaci\u00f3<\/strong> supervisat per un t\u00e8cnic qualificat, garantint lexecuci\u00f3 de les reparacions necess\u00e0ries.<\/p>\n\n\n\n<p><\/p>\n\n\n\n<h2 class=\"wp-block-heading\"><strong>Beneficis del nou decret per als propietaris<\/strong><\/h2>\n\n\n\n<ul class=\"wp-block-list\">\n<li>Proporciona <strong>informes t\u00e8cnics detallats<\/strong> per planificar el manteniment.<\/li>\n\n\n\n<li>Evita problemes futurs mitjan\u00e7ant recomanacions espec\u00edfiques.<\/li>\n\n\n\n<li>Millora la seguretat i l&#039;habitabilitat dels edificis.<\/li>\n\n\n\n<li>Fomenta la sostenibilitat i lefici\u00e8ncia energ\u00e8tica.<\/li>\n<\/ul>\n\n\n\n<p>Si vols consultar el decret complet, fes clic en aquest <a href=\"http:\/\/www.agenciahabitatge.cat\/wps\/wcm\/connect\/9f5ff68048584844bcd4fdc01059e3f8\/Decret++Inspecci%C3%B3+t%C3%A8cnica+dels+Edificis.pdf?MOD=AJPERES\" target=\"_blank\" rel=\"noopener\">enlla\u00e7 oficial<\/a>.<\/p>\n\n\n\n<p><\/p>\n\n\n\n<h2 class=\"wp-block-heading\"><strong>Necessites fer la ITE? Confia en Serra Grup Immobiliari<\/strong><\/h2>\n\n\n\n<p>A <a href=\"https:\/\/www.serra.immo\/ca\/\"><strong>Serra Grup Immobiliari<\/strong><\/a> som experts en la gesti\u00f3 i l&#039;assessorament sobre la Inspecci\u00f3 T\u00e8cnica d&#039;Edificis. Amb m\u00e9s de 50 anys d\u00b4experi\u00e8ncia, oferim un servei integral adaptat a les necessitats de cada propietari.<\/p>\n\n\n\n<p>Visita&#039;ns a les nostres oficines:<\/p>\n\n\n\n<ul class=\"wp-block-list\">\n<li><a href=\"https:\/\/www.serra.immo\/ca\/immobiliaria-serra-vilanova-i-la-geltru-central\/\"><strong>Oficina Central a Vilanova i la Geltr\u00fa<\/strong><\/a><\/li>\n\n\n\n<li><a href=\"https:\/\/www.serra.immo\/ca\/immobiliaria-serra-vilanova-i-la-geltru\/\"><strong>Oficina a la Rambla de Vilanova i la Geltr\u00fa<\/strong><\/a><\/li>\n\n\n\n<li><a href=\"https:\/\/www.serra.immo\/ca\/immobiliaria-serra-sitges\/\"><strong>Oficina a Sitges<\/strong><\/a><\/li>\n\n\n\n<li><a href=\"https:\/\/www.serra.immo\/ca\/immobiliaria-serra-vilafranca\/\"><strong>Oficina a Vilafranca del Pened\u00e8s<\/strong><\/a><\/li>\n\n\n\n<li><a href=\"https:\/\/www.serra.immo\/ca\/immobiliaria-serra-sant-pere-de-ribes\/\"><strong>Oficina a Sant Pere de Ribes<\/strong><\/a><\/li>\n<\/ul>\n\n\n\n<p>A m\u00e9s, et convidem a descobrir els nostres serveis de <a href=\"https:\/\/www.serra.immo\/ca\/administradors-de-comunitats-de-veins\/\"><strong>gesti\u00f3 de comunitats<\/strong><\/a> i <a href=\"https:\/\/www.serra.immo\/ca\/gestio-de-lloguers\/\"><strong>patrimonials<\/strong><\/a>.<\/p>\n\n\n\n<p>Contacta&#039;ns avui mateix per rebre m\u00e9s informaci\u00f3 o resoldre els teus dubtes sobre la ITE!<\/p>","protected":false},"excerpt":{"rendered":"<p>La Inspecci\u00f3n T\u00e9cnica de los Edificios (ITE) es un sistema obligatorio de control peri\u00f3dico que garantiza que los propietarios mantengan sus inmuebles en condiciones \u00f3ptimas de conservaci\u00f3n, rehabilitaci\u00f3n y seguridad. Este procedimiento busca evitar riesgos, promover el mantenimiento preventivo y correctivo, y fomentar la sostenibilidad y accesibilidad de los edificios residenciales. \u00bfQu\u00e9 es la ITE [&hellip;]<\/p>\n","protected":false},"author":3,"featured_media":1225701,"comment_status":"closed","ping_status":"closed","sticky":false,"template":"","format":"standard","meta":{"footnotes":""},"categories":[277],"tags":[],"class_list":["post-394","post","type-post","status-publish","format-standard","has-post-thumbnail","hentry","category-actualidad"],"_links":{"self":[{"href":"https:\/\/www.serra.immo\/ca\/wp-json\/wp\/v2\/posts\/394","targetHints":{"allow":["GET"]}}],"collection":[{"href":"https:\/\/www.serra.immo\/ca\/wp-json\/wp\/v2\/posts"}],"about":[{"href":"https:\/\/www.serra.immo\/ca\/wp-json\/wp\/v2\/types\/post"}],"author":[{"embeddable":true,"href":"https:\/\/www.serra.immo\/ca\/wp-json\/wp\/v2\/users\/3"}],"replies":[{"embeddable":true,"href":"https:\/\/www.serra.immo\/ca\/wp-json\/wp\/v2\/comments?post=394"}],"version-history":[{"count":2,"href":"https:\/\/www.serra.immo\/ca\/wp-json\/wp\/v2\/posts\/394\/revisions"}],"predecessor-version":[{"id":1225703,"href":"https:\/\/www.serra.immo\/ca\/wp-json\/wp\/v2\/posts\/394\/revisions\/1225703"}],"wp:featuredmedia":[{"embeddable":true,"href":"https:\/\/www.serra.immo\/ca\/wp-json\/wp\/v2\/media\/1225701"}],"wp:attachment":[{"href":"https:\/\/www.serra.immo\/ca\/wp-json\/wp\/v2\/media?parent=394"}],"wp:term":[{"taxonomy":"category","embeddable":true,"href":"https:\/\/www.serra.immo\/ca\/wp-json\/wp\/v2\/categories?post=394"},{"taxonomy":"post_tag","embeddable":true,"href":"https:\/\/www.serra.immo\/ca\/wp-json\/wp\/v2\/tags?post=394"}],"curies":[{"name":"wp","href":"https:\/\/api.w.org\/{rel}","templated":true}]}}