{"id":203124,"date":"2020-03-26T09:18:39","date_gmt":"2020-03-26T08:18:39","guid":{"rendered":"https:\/\/serra.immo\/?p=203124"},"modified":"2020-03-26T09:18:39","modified_gmt":"2020-03-26T08:18:39","slug":"vilafranca-aplaca-i-congela-alguns-impostos-i-serveis-municipals","status":"publish","type":"post","link":"https:\/\/www.serra.immo\/ca\/vilafranca-aplaca-i-congela-alguns-impostos-i-serveis-municipals\/","title":{"rendered":"Vilafranca ajorna i congela alguns impostos i serveis municipals"},"content":{"rendered":"<p>[:es]El Ayuntamiento de Vilafranca del Pened\u00e8s ha aprobado diferentes medidas para <strong>ayudar a las familias y empresas<\/strong> que sufren las consecuencias econ\u00f3micas derivadas del COVID-19. As\u00ed pues, se aplazar\u00e1n los tributos municipales y no se cobraran las tasas de los servicios no prestados. Algunas de las medidas m\u00e1s relevantes que aplicar\u00e1 el consistorio son las siguientes:<\/p>\n<ul>\n<li>Todas las tasas que actualmente tengan vigente el periodo de pago voluntario se aplazan hasta el <strong>20 de mayo<\/strong>.<\/li>\n<li>Se aplaza hasta el mes de junio el <strong>Impuesto sobre Veh\u00edculos de Tracci\u00f3n Mec\u00e1nica<\/strong>.<\/li>\n<li>La primera fracci\u00f3n del<strong> IBI<\/strong> se cobrar\u00e1 el mes de julio. Este mes tambi\u00e9n se cobrar\u00e1 la tasa de residuos para los particulares. En referencia con este \u00faltimo aspecto, las industrias y los comercios la pagar\u00e1n en dos fracciones en octubre y en diciembre.<\/li>\n<li>El <strong>Impuesto sobre Actividades Econ\u00f3micas<\/strong> se cobrar\u00e1 el mes de noviembre.<\/li>\n<li>No se cobrar\u00e1 el primer semestre de la tasa de <strong>terrazas<\/strong> en la v\u00eda p\u00fablica ni la de <strong>mercados<\/strong> correspondiente a los meses de marzo y abril.<\/li>\n<li><strong>No se realizar\u00e1 ning\u00fan corte<\/strong> en el suministro de agua en los casos de impago.<\/li>\n<li>Las<strong> zonas azules<\/strong> de aparcamiento ser\u00e1n gratuitas hasta la finalizaci\u00f3n del estado de alarma.<\/li>\n<li>Se renuevan de oficio las <strong>ayudas de alquiler<\/strong> para personas mayores.<\/li>\n<\/ul>\n<p>Pod\u00e9is leer la noticia completa en la web oficial del Ayuntamiento de Vilafranca<strong> <a href=\"https:\/\/comunicacio.vilafranca.cat\/noticies\/lajuntament-de-vilafranca-aplica-mesures-economiques-ajudar-families-i-empreses-davant-dels\" target=\"_blank\" rel=\"noopener noreferrer\">aqu\u00ed<\/a><\/strong>.[:ca]L\u2019Ajuntament de Vilafranca del Pened\u00e8s ha aprovat tot un seguit de mesures per <strong>ajudar a fam\u00edlies i empreses<\/strong> que pateixen les conseq\u00fc\u00e8ncies econ\u00f2miques derivades del COVID-19. Aix\u00ed doncs, s\u2019ajornaran els tributs municipals i no es cobraran les taxes dels serveis no prestats. Algunes de les mesures m\u00e9s rellevants que aplicar\u00e0 el consistori s\u00f3n les seg\u00fcents:<\/p>\n<ul>\n<li>Totes les taxes que actualment tinguin vigent el per\u00edode de pagament voluntari s\u2019ajornen fins al <strong>20 de maig<\/strong>.<\/li>\n<li>S\u2019ajorna fins al mes de juny l\u2019<strong>Impost sobre Vehicles de Tracci\u00f3 Mec\u00e0nica<\/strong>.<\/li>\n<li>La primera fracci\u00f3 de l\u2019<strong>IBI<\/strong> es cobrar\u00e0 el mes de juliol. Aquest mes tamb\u00e9 es cobrar\u00e0 la taxa de residus per als particulars. En refer\u00e8ncia amb aquest \u00faltim aspecte, les ind\u00fastries i comer\u00e7os la pagaran en dues fraccions a l\u2019octubre i al desembre.<\/li>\n<li>L\u2019<strong>Impost sobre Activitats Econ\u00f2miques<\/strong> es cobrar\u00e0 el mes de novembre.<\/li>\n<li>No es cobrar\u00e0 el primer trimestre de la taxa de <strong>terrasses<\/strong> a la via p\u00fablica ni la de <strong>mercats<\/strong> corresponent als mesos de mar\u00e7 i abril.<\/li>\n<li><strong>No es far\u00e0 cap tall<\/strong> en el subministrament d\u2019aigua en casos d\u2019impagament.<\/li>\n<li>Les <strong>zones blaves<\/strong> d\u2019estacionament seran gratu\u00eftes fins a la finalitzaci\u00f3 de l\u2019estat d\u2019alarma.<\/li>\n<li>Es renoven d\u2019ofici els <strong>ajuts de lloguer<\/strong> per a persones grans.<\/li>\n<\/ul>\n<p>Podeu llegir la not\u00edcia completa a la web oficial de l\u2019Ajuntament de Vilafranca del Pened\u00e8s <strong><a href=\"https:\/\/comunicacio.vilafranca.cat\/noticies\/lajuntament-de-vilafranca-aplica-mesures-economiques-ajudar-families-i-empreses-davant-dels\" target=\"_blank\" rel=\"noopener\">aqu\u00ed<\/a><\/strong>.[:]<\/p>\n","protected":false},"excerpt":{"rendered":"<p>[:es]El Ayuntamiento de Vilafranca del Pened\u00e8s ha aprobado diferentes medidas para ayudar a las familias y empresas que sufren las consecuencias econ\u00f3micas derivadas del COVID-19. As\u00ed pues, se aplazar\u00e1n los tributos municipales y no se cobraran las tasas de los servicios no prestados. Algunas de las medidas m\u00e1s relevantes que aplicar\u00e1 el consistorio son las [&hellip;]<\/p>\n","protected":false},"author":3,"featured_media":203125,"comment_status":"closed","ping_status":"closed","sticky":false,"template":"","format":"standard","meta":{"footnotes":""},"categories":[277],"tags":[],"class_list":["post-203124","post","type-post","status-publish","format-standard","has-post-thumbnail","hentry","category-actualidad"],"_links":{"self":[{"href":"https:\/\/www.serra.immo\/ca\/wp-json\/wp\/v2\/posts\/203124","targetHints":{"allow":["GET"]}}],"collection":[{"href":"https:\/\/www.serra.immo\/ca\/wp-json\/wp\/v2\/posts"}],"about":[{"href":"https:\/\/www.serra.immo\/ca\/wp-json\/wp\/v2\/types\/post"}],"author":[{"embeddable":true,"href":"https:\/\/www.serra.immo\/ca\/wp-json\/wp\/v2\/users\/3"}],"replies":[{"embeddable":true,"href":"https:\/\/www.serra.immo\/ca\/wp-json\/wp\/v2\/comments?post=203124"}],"version-history":[{"count":0,"href":"https:\/\/www.serra.immo\/ca\/wp-json\/wp\/v2\/posts\/203124\/revisions"}],"wp:featuredmedia":[{"embeddable":true,"href":"https:\/\/www.serra.immo\/ca\/wp-json\/"}],"wp:attachment":[{"href":"https:\/\/www.serra.immo\/ca\/wp-json\/wp\/v2\/media?parent=203124"}],"wp:term":[{"taxonomy":"category","embeddable":true,"href":"https:\/\/www.serra.immo\/ca\/wp-json\/wp\/v2\/categories?post=203124"},{"taxonomy":"post_tag","embeddable":true,"href":"https:\/\/www.serra.immo\/ca\/wp-json\/wp\/v2\/tags?post=203124"}],"curies":[{"name":"wp","href":"https:\/\/api.w.org\/{rel}","templated":true}]}}