{"id":187289,"date":"2020-02-26T13:30:54","date_gmt":"2020-02-26T12:30:54","guid":{"rendered":"https:\/\/serra.immo\/?p=187289"},"modified":"2020-02-26T13:30:54","modified_gmt":"2020-02-26T12:30:54","slug":"sortegem-dues-entrades-dobles-per-a-beret-romani-a-vilafranca","status":"publish","type":"post","link":"https:\/\/www.serra.immo\/ca\/sorteamos-dos-entradas-dobles-para-berto-romero-en-vilafranca\/","title":{"rendered":"Sortegem dues entrades dobles per a Berto Romero a Vilafranca"},"content":{"rendered":"<p>[:es]<strong>Berto Romero<\/strong>, uno de los humoristas m\u00e1s reconocidos de los \u00faltimos tiempos, aterriza en Vilafranca del Pened\u00e8s con su nuevo espect\u00e1culo \u201cMucha tonter\u00eda\u201d, donde har\u00e1 un recorrido de su trayectoria en los escenarios a lo largo de los \u00faltimos 20 a\u00f1os. \u00bfTe gustar\u00eda ir a verlo? <strong>\u00a1Sorteamos dos entradas dobles!<\/strong> \u00a1Entra en nuestros perfiles de <a href=\"https:\/\/www.facebook.com\/SerraGrupImmobiliari\/\" target=\"_blank\" rel=\"noopener noreferrer\">Facebook<\/a> e <a href=\"https:\/\/www.instagram.com\/serraimmo\/\" target=\"_blank\" rel=\"noopener noreferrer\">Instagram<\/a> para m\u00e1s informaci\u00f3n!<\/p>\n<p>\u201cMucha tonter\u00eda\u201d tendr\u00e1 lugar el pr\u00f3ximo <strong>6 de marzo a las 21.00 horas en el Teatre Casal de Vilafranca<\/strong>. \u00a1Que no te lo cuenten![:ca]<strong>Berto Romero<\/strong>, un dels humoristes m\u00e9s reconeguts dels \u00faltims temps, aterra a Vilafranca del Pened\u00e8s amb el seu nou espectacle \u201cMucha tonter\u00eda\u201d, on far\u00e0 un recorregut de la seva traject\u00f2ria als escenaris al llarg dels \u00faltims 20 anys. T\u2019agradaria anar a veure\u2019l? <strong>Sortegem dues entrades dobles!<\/strong> Entra als nostres perfils de <a href=\"https:\/\/www.facebook.com\/SerraGrupImmobiliari\/\" target=\"_blank\" rel=\"noopener noreferrer\">Facebook<\/a> i <a href=\"https:\/\/www.instagram.com\/serraimmo\/\" target=\"_blank\" rel=\"noopener noreferrer\">Instagram<\/a> per a m\u00e9s informaci\u00f3!<\/p>\n<p>\u201cMucha tonter\u00eda\u201d tindr\u00e0 lloc el pr\u00f2xim <strong>6 de mar\u00e7 a les 21.00 hores al Teatre Casal de Vilafranca<\/strong>. Que no t\u2019ho expliquin![:]<\/p>\n","protected":false},"excerpt":{"rendered":"<p>[:es]Berto Romero, uno de los humoristas m\u00e1s reconocidos de los \u00faltimos tiempos, aterriza en Vilafranca del Pened\u00e8s con su nuevo espect\u00e1culo \u201cMucha tonter\u00eda\u201d, donde har\u00e1 un recorrido de su trayectoria en los escenarios a lo largo de los \u00faltimos 20 a\u00f1os. \u00bfTe gustar\u00eda ir a verlo? \u00a1Sorteamos dos entradas dobles! \u00a1Entra en nuestros perfiles de [&hellip;]<\/p>\n","protected":false},"author":3,"featured_media":189031,"comment_status":"closed","ping_status":"closed","sticky":false,"template":"","format":"standard","meta":{"footnotes":""},"categories":[278],"tags":[],"class_list":["post-187289","post","type-post","status-publish","format-standard","has-post-thumbnail","hentry","category-general"],"_links":{"self":[{"href":"https:\/\/www.serra.immo\/ca\/wp-json\/wp\/v2\/posts\/187289","targetHints":{"allow":["GET"]}}],"collection":[{"href":"https:\/\/www.serra.immo\/ca\/wp-json\/wp\/v2\/posts"}],"about":[{"href":"https:\/\/www.serra.immo\/ca\/wp-json\/wp\/v2\/types\/post"}],"author":[{"embeddable":true,"href":"https:\/\/www.serra.immo\/ca\/wp-json\/wp\/v2\/users\/3"}],"replies":[{"embeddable":true,"href":"https:\/\/www.serra.immo\/ca\/wp-json\/wp\/v2\/comments?post=187289"}],"version-history":[{"count":0,"href":"https:\/\/www.serra.immo\/ca\/wp-json\/wp\/v2\/posts\/187289\/revisions"}],"wp:featuredmedia":[{"embeddable":true,"href":"https:\/\/www.serra.immo\/ca\/wp-json\/"}],"wp:attachment":[{"href":"https:\/\/www.serra.immo\/ca\/wp-json\/wp\/v2\/media?parent=187289"}],"wp:term":[{"taxonomy":"category","embeddable":true,"href":"https:\/\/www.serra.immo\/ca\/wp-json\/wp\/v2\/categories?post=187289"},{"taxonomy":"post_tag","embeddable":true,"href":"https:\/\/www.serra.immo\/ca\/wp-json\/wp\/v2\/tags?post=187289"}],"curies":[{"name":"wp","href":"https:\/\/api.w.org\/{rel}","templated":true}]}}