{"id":159558,"date":"2020-01-04T07:02:04","date_gmt":"2020-01-04T06:02:04","guid":{"rendered":"https:\/\/serra.immo\/?p=159558"},"modified":"2020-01-04T07:02:04","modified_gmt":"2020-01-04T06:02:04","slug":"la-generalitat-invertira-100-milions-en-la-rehabilitacio-dedificis","status":"publish","type":"post","link":"https:\/\/www.serra.immo\/ca\/la-generalitat-invertira-100-millones-en-la-rehabilitacion-de-edificios\/","title":{"rendered":"La Generalitat invertir\u00e0 100 milions d?euros en la rehabilitaci\u00f3 d?edificis"},"content":{"rendered":"<p>[:es]El inicio del 2020 viene marcado en cuestiones inmobiliarias por la propuesta de la Generalitat en relaci\u00f3n con la rehabilitaci\u00f3n de edificios. Un total de <strong>100 millones de euros<\/strong> ser\u00e1n concedidos en pr\u00e9stamos a trav\u00e9s del Institut Catal\u00e0 de Finances, que otorgar\u00e1 un cr\u00e9dito m\u00ednimo de 30.000 euros por comunidad de propietarios.<\/p>\n<p>Por lo que respecta a las viviendas, podr\u00e1n recibir un m\u00e1ximo de 20.000 euros a un tipo de inter\u00e9s del 2 % y se podr\u00e1n devolver en un <strong>m\u00e1ximo de 15 a\u00f1os<\/strong>. Para poder acceder a ellos, es necesario que las comunidades tengan una morosidad actual inferior al 5 % (en casos excepcionales que ser\u00edan avaluados de manera individualizada, puede llegar al 8 %).<\/p>\n<p>Los <strong>usos<\/strong> que pretenden cubrir los pr\u00e9stamos de la Generalitat son las rehabilitaciones de edificios relacionadas con problemas de seguridad y las obras para mejorar su eficiencia energ\u00e9tica y\/o accesibilidad.[:ca]L\u2019inici del 2020 ve marcat en q\u00fcestions immobili\u00e0ries per la proposta de la Generalitat en relaci\u00f3 amb la rehabilitaci\u00f3 d\u2019edificis. Un total de<strong> 100 milions d\u2019euros<\/strong> seran concedits en pr\u00e9stecs a trav\u00e9s de l\u2019Institut Catal\u00e0 de Finances, que atorgar\u00e0 un cr\u00e8dit m\u00ednim de 30.000 euros per comunitat de propietaris.<\/p>\n<p>Pel que fa als habitatges, podran rebre un m\u00e0xim de 20.000 euros a un tipus d\u2019inter\u00e8s del 2 % i es podran <strong>retornar en un m\u00e0xim de 15 anys<\/strong>. Per tal de poder-hi accedir, caldr\u00e0 que les comunitats tinguin una morositat actual inferior al 5 % (en casos excepcionals que serien avaluats de manera individualitzada, pot arribar al 8 %).<\/p>\n<p>Els<strong> usos<\/strong> que pretenen cobrir els pr\u00e9stecs de la Generalitat s\u00f3n les rehabilitacions d\u2019edificis relacionades amb problemes de seguretat i les obres per millorar-ne l\u2019efici\u00e8ncia energ\u00e8tica i\/o l\u2019accessibilitat.[:]<\/p>\n","protected":false},"excerpt":{"rendered":"<p>[:es]El inicio del 2020 viene marcado en cuestiones inmobiliarias por la propuesta de la Generalitat en relaci\u00f3n con la rehabilitaci\u00f3n de edificios. Un total de 100 millones de euros ser\u00e1n concedidos en pr\u00e9stamos a trav\u00e9s del Institut Catal\u00e0 de Finances, que otorgar\u00e1 un cr\u00e9dito m\u00ednimo de 30.000 euros por comunidad de propietarios. Por lo que [&hellip;]<\/p>\n","protected":false},"author":3,"featured_media":159584,"comment_status":"closed","ping_status":"closed","sticky":false,"template":"","format":"standard","meta":{"footnotes":""},"categories":[277],"tags":[],"class_list":["post-159558","post","type-post","status-publish","format-standard","has-post-thumbnail","hentry","category-actualidad"],"_links":{"self":[{"href":"https:\/\/www.serra.immo\/ca\/wp-json\/wp\/v2\/posts\/159558","targetHints":{"allow":["GET"]}}],"collection":[{"href":"https:\/\/www.serra.immo\/ca\/wp-json\/wp\/v2\/posts"}],"about":[{"href":"https:\/\/www.serra.immo\/ca\/wp-json\/wp\/v2\/types\/post"}],"author":[{"embeddable":true,"href":"https:\/\/www.serra.immo\/ca\/wp-json\/wp\/v2\/users\/3"}],"replies":[{"embeddable":true,"href":"https:\/\/www.serra.immo\/ca\/wp-json\/wp\/v2\/comments?post=159558"}],"version-history":[{"count":0,"href":"https:\/\/www.serra.immo\/ca\/wp-json\/wp\/v2\/posts\/159558\/revisions"}],"wp:featuredmedia":[{"embeddable":true,"href":"https:\/\/www.serra.immo\/ca\/wp-json\/"}],"wp:attachment":[{"href":"https:\/\/www.serra.immo\/ca\/wp-json\/wp\/v2\/media?parent=159558"}],"wp:term":[{"taxonomy":"category","embeddable":true,"href":"https:\/\/www.serra.immo\/ca\/wp-json\/wp\/v2\/categories?post=159558"},{"taxonomy":"post_tag","embeddable":true,"href":"https:\/\/www.serra.immo\/ca\/wp-json\/wp\/v2\/tags?post=159558"}],"curies":[{"name":"wp","href":"https:\/\/api.w.org\/{rel}","templated":true}]}}