{"id":1332113,"date":"2026-07-22T17:32:39","date_gmt":"2026-07-22T15:32:39","guid":{"rendered":"https:\/\/www.serra.immo\/?p=1332113"},"modified":"2026-07-22T17:32:43","modified_gmt":"2026-07-22T15:32:43","slug":"guia-2026-normativa-de-laire-condicionat-a-la-comunitat-de-veins","status":"publish","type":"post","link":"https:\/\/www.serra.immo\/ca\/guia-2026-normativa-de-laire-condicionat-a-la-comunitat-de-veins\/","title":{"rendered":"Guia 2026: Normativa de l&#039;aire condicionat a la comunitat de ve\u00efns"},"content":{"rendered":"<p class=\"wp-block-paragraph\">Davant d&#039;ones de calor com l&#039;actual, l&#039;aire condicionat s&#039;ha tornat gaireb\u00e9 imprescindible. <a href=\"https:\/\/housfy.com\/blog\/como-controlar-el-consumo-de-aire-acondicionado\/\" target=\"_blank\" rel=\"noreferrer noopener\"><strong>Controlar el consum permet ahorrar a la factura el\u00e8ctrica<\/strong><\/a>, per\u00f2 abans d&#039;instal\u00b7lar-ho conv\u00e9 resoldre una dubte pr\u00e8via: <strong>On es pot col\u00b7locar legalment dins una comunitat de propietaris?<\/strong><\/p>\n\n\n\n<p class=\"wp-block-paragraph\">En aquest article repassem la normativa aplicable, <strong>on es permet ubicar l&#039;aparell i el seu motor, i com actuar quan sorgeixen conflictes per soroll o instal\u00b7lacions sense perm\u00eds<\/strong>\u2026<\/p>\n\n\n\n<h2 class=\"wp-block-heading\">Es pot posar aire condicionat a la fachada?<\/h2>\n\n\n\n<p class=\"wp-block-paragraph\">Com a norma general, <strong>no es pot col\u00b7locar l&#039;aire condicionat a la fachada<\/strong>. Aquesta opci\u00f3 queda restringida a edificis antics que no disposen despai suficient a la terrassa o al pati de llums.<\/p>\n\n\n\n<p class=\"wp-block-paragraph\">Per <strong>comprendre per qu\u00e8 i con\u00e8ixer les excepcions<\/strong>, cal atendre dos documents clau; els Estatuts de la comunitat i l&#039;Ordenan\u00e7a d&#039;Usos del Paisatge Urb\u00e0.<\/p>\n\n\n<div class=\"wp-block-image\">\n<figure class=\"aligncenter size-large\"><img decoding=\"async\" src=\"https:\/\/www.fincasolivares.com\/wp-content\/uploads\/2026\/07\/Aire-condicionat-1-1024x576.jpg\" alt=\"Aire condicionat\" class=\"wp-image-349560\" title=\"\"><\/figure>\n<\/div>\n\n\n<h2 class=\"wp-block-heading\">El marc normatiu per legalitzar la instal\u00b7laci\u00f3<\/h2>\n\n\n\n<p class=\"wp-block-paragraph\">Dues normes determinin si pots instal\u00b7lar l&#039;aire condicionat i on. La regla de partida \u00e9s que <strong>els Estatuts mai poden contradir una ordenan\u00e7a municipal vigent<\/strong>.<\/p>\n\n\n\n<h3 class=\"wp-block-heading\">Els Estatuts de la Comunitat<\/h3>\n\n\n\n<p class=\"wp-block-paragraph\">El primer pas \u00e9s revisar <strong>qu\u00e8 diuen els Estatuts:<\/strong><\/p>\n\n\n\n<ul class=\"wp-block-list\">\n<li><strong>Si els Estatuts deneguen el perm\u00eds<\/strong>, el proc\u00e9s queda bloquejat.<\/li>\n\n\n\n<li><strong>Si no s&#039;oposen a la instal\u00b7laci\u00f3<\/strong>, la Junta podr\u00e0 votar i aprovar lactuaci\u00f3.<\/li>\n<\/ul>\n\n\n\n<h3 class=\"wp-block-heading\">Quants vots calen per instal\u00b7lar l&#039;aire condicionat?<\/h3>\n\n\n\n<p class=\"wp-block-paragraph\">La majoria necess\u00e0ria \u00e9s <strong>la meitat m\u00e9s un<\/strong> (majoria simple). L&#039;article 553-25 del Codi civil catal\u00e0 exigeix:<\/p>\n\n\n\n<figure class=\"wp-block-pullquote\"><blockquote><p><em>\u00abUna majoria simple de vots afirmatius dels propietaris que han participat a la Junta, que ha de representar, alhora, la majoria simple del total de les quotes de participaci\u00f3\u00bb.<\/em><\/p><\/blockquote><\/figure>\n\n\n\n<p class=\"wp-block-paragraph\">Encara que el Codi Civil Catal\u00e0 no esmenta expressament l&#039;aire condicionat, aquest encaixa a l&#039;\u2019<em>ep\u00edgraf f)<\/em>, que reserva la majoria simple per als <em><strong>\u00abacords que no tinguin fixada una majoria diferent per adoptar-los\u00bb.<\/strong><\/em><\/p>\n\n\n\n<blockquote class=\"wp-block-quote is-layout-flow wp-block-quote-is-layout-flow\">\n<p class=\"wp-block-paragraph\"><strong>Consell Housfy:<\/strong><\/p>\n\n\n\n<p class=\"wp-block-paragraph\">Tens dubtes sobre com portar la proposta a la Junta? <strong>Els administradors de finques de Grup Housfy et poden assessorar durant tot el proc\u00e9s.<\/strong><\/p>\n<\/blockquote>\n\n\n\n<h2 class=\"wp-block-heading\">L&#039;Ordenan\u00e7a d&#039;Usos del Paisatge Urb\u00e0<\/h2>\n\n\n\n<p class=\"wp-block-paragraph\">L&#039;Ordenan\u00e7a estableix <strong>on es pot empla\u00e7ar l&#039;aire condicionat<\/strong>:<\/p>\n\n\n\n<ul class=\"wp-block-list\">\n<li>A <strong>edificis no protegits<\/strong> pel Cat\u00e0leg del Patrimoni Arquitect\u00f2nic; a la terrassa de ledifici.<\/li>\n\n\n\n<li><strong>A la fachada, nom\u00e9s quan no hi ha lloc a la terrassa<\/strong> i sempre que no es trenqui amb el disseny de ledifici.<\/li>\n\n\n\n<li>A <strong>edificis inclosos al Cat\u00e0leg del Patrimoni Arquitect\u00f2nic Historicoart\u00edstic<\/strong> de Barcelona, la col\u00b7locaci\u00f3 requereix obligat\u00f2riament llic\u00e8ncia municipal (art. 63.3).<\/li>\n<\/ul>\n\n\n\n<p class=\"wp-block-paragraph\">Els <strong>articles que regulin aquestes col\u00b7locacions<\/strong> s\u00f3n els seg\u00fcents:<\/p>\n\n\n\n<ul class=\"wp-block-list\">\n<li><strong>Art. 46.1:<\/strong> A <strong>edificis de nova planta i de rehabilitaci\u00f3 integral<\/strong>, els aparells s&#039;hauran de situar priorit\u00e0riament a les terrasses.<\/li>\n\n\n\n<li><strong>Art. 63.2:<\/strong> Queda <strong>prohibit col\u00b7locar els elements t\u00e8cnics sobre els paraments de fa\u00e7ana, miradors i balconades.<\/strong> En cap cas no poden sobresortir del tancament dels buits arquitect\u00f2nics i han d&#039;harmonitzar amb la soluci\u00f3 del tancament on s&#039;ubiquin.<\/li>\n\n\n\n<li><strong>Art. 40.1:<\/strong> Els propietaris han de <strong>vetllar pel manteniment de la composici\u00f3 arquitect\u00f2nica de la fa\u00e7ana.<\/strong> Barans, persians i tendals d&#039;una mateixa unitat constructiva han de mantenir l&#039;\u2019<strong>homogene\u00eftat<\/strong> prevista al projecte.<\/li>\n\n\n\n<li><strong>Art. 40.3:<\/strong> No es poden col\u00b7locar instal\u00b7lacions o conduccions sobre les fa\u00e7anes, <strong>excepte les expressament autoritzades<\/strong> (serveis b\u00e0sics, telefonia, electricitat i gas).<\/li>\n<\/ul>\n\n\n\n<h2 class=\"wp-block-heading\">On col\u00b7locar l&#039;aire condicionat i el seu motor?<\/h2>\n\n\n\n<p class=\"wp-block-paragraph\">Un cop clar el marc legal, aquesta \u00e9s la <strong>jerarquia d&#039;ubicacions<\/strong>, de la m\u00e9s recomanable a la menys:<\/p>\n\n\n\n<h3 class=\"wp-block-heading\">1. La terrassa<\/h3>\n\n\n\n<p class=\"wp-block-paragraph\">\u00c9s l&#039;\u2019<strong>empla\u00e7ament prioritari.<\/strong> A edificis de nova construcci\u00f3 o rehabilitacions integrals \u00e9s fins i tot obligatori reservar espai: l&#039;article 76.1 de l&#039;Ordenan\u00e7a disposa que aquests projectes <em>\u00abhan de preveure una reserva despai per a les instal\u00b7lacions particulars de climatitzaci\u00f3\u00bb.<\/em><\/p>\n\n\n<div class=\"wp-block-image\">\n<figure class=\"aligncenter size-large\"><img decoding=\"async\" src=\"https:\/\/www.fincasolivares.com\/wp-content\/uploads\/2026\/07\/Aire-condicionat-2-1024x576.jpg\" alt=\"Aire condicionat\" class=\"wp-image-349563\" title=\"\"><\/figure>\n<\/div>\n\n\n<h3 class=\"wp-block-heading\">2. El pati de llums<\/h3>\n\n\n\n<p class=\"wp-block-paragraph\">Ocultar el motor al pati de llums evita l&#039;impacte visual. Aix\u00f2 s\u00ed, <strong>cal tenir cura que no molesti els ve\u00efns amb ruid o calor excessius.<\/strong><\/p>\n\n\n\n<h3 class=\"wp-block-heading\">3. La fachada (\u00faltima opci\u00f3)<\/h3>\n\n\n\n<p class=\"wp-block-paragraph\">Nom\u00e9s <strong>quan no hi ha alternativa.<\/strong> S&#039;admeten diverses situacions sempre que es respectin les condicions de l&#039;Ordenan\u00e7a:<\/p>\n\n\n\n<p class=\"wp-block-paragraph\"><strong>Sobre la llosa del balc\u00f3<\/strong>, sempre que:<\/p>\n\n\n\n<ul class=\"wp-block-list\">\n<li>Vaig quedar per darrere de la barana i per sota del l\u00edmit superior.<\/li>\n\n\n\n<li>No malmeteu la fachada i se&#039;n separi.<\/li>\n\n\n\n<li>No hi hagi conductes vists per la fachada.<\/li>\n<\/ul>\n\n\n\n<p class=\"wp-block-paragraph\"><strong>A l&#039;interior, per darrere de la fusteria<\/strong>, sempre que:<\/p>\n\n\n\n<ul class=\"wp-block-list\">\n<li>Formi part d&#039;un projecte d&#039;integraci\u00f3 que respecti la composici\u00f3 original de la fa\u00e7ana.<\/li>\n\n\n\n<li>No \u00e9s vari\u00ef la composici\u00f3 de les finestres ni els materials originals, sense malmetre fusteries ni proteccions solars.<\/li>\n\n\n\n<li>L&#039;aparell quedi ocult i les instal\u00b7lacions passin per l&#039;interior de l&#039;edifici.<\/li>\n<\/ul>\n\n\n\n<p class=\"wp-block-paragraph\"><strong>En plantes baixes:<\/strong> No s&#039;admet sobre la fachada, els ampits ni per davant de la fusteria. <strong>Els porxos i espais privats d&#039;\u00fas p\u00fablic tenen la mateixa consideraci\u00f3<\/strong> que qualsevol altre espai visible des del carrer.<\/p>\n\n\n\n<h2 class=\"wp-block-heading\">Soroll i immissions entre ve\u00efns<\/h2>\n\n\n\n<h3 class=\"wp-block-heading\">Qu\u00e8 diu la normativa sobre el ruit de l&#039;aire condicionat?<\/h3>\n\n\n\n<p class=\"wp-block-paragraph\">L&#039;article 546-14 del Codi Civil Catal\u00e0 introdueix el concepte legal d&#039;immissi\u00f3, definit com la <strong>\u00abmol\u00e8stia causada pel propietari d&#039;un immoble vaig veure exercir les facultats d&#039;\u00fas i gaudi derivades del seu dret de propietat\u00bb.<\/strong><\/p>\n\n\n\n<blockquote class=\"wp-block-quote is-layout-flow wp-block-quote-is-layout-flow\">\n<p class=\"wp-block-paragraph\"><strong>Consell Housfy:<\/strong><\/p>\n\n\n\n<p class=\"wp-block-paragraph\">La soluci\u00f3 habitual \u00e9s que el vei redu\u00ef la pot\u00e8ncia de l&#039;aire condicionat. At\u00e8s que a l&#039;estiu \u00e9s vital, conv\u00e9 una certa flexibilitat. <strong>Si el di\u00e0leg no avan\u00e7a, consulta amb l&#039;Administrador de Finques perqu\u00e8 actu\u00ef com a mediador.<\/strong><\/p>\n<\/blockquote>\n\n\n\n<h3 class=\"wp-block-heading\">Qu\u00e8 fer davant de la immissi\u00f3 causada per l&#039;aire condicionat?<\/h3>\n\n\n\n<p class=\"wp-block-paragraph\">L&#039;actuaci\u00f3 dep\u00e8n de la <strong>intensitat de la mol\u00e8stia:<\/strong><\/p>\n\n\n\n<ul class=\"wp-block-list\">\n<li><strong>Si la immissi\u00f3 \u00e9s lleu o no substancial<\/strong>, els propietaris l&#039;han de tolerar. En aquest cas, el recomanable \u00e9s exposar el problema al ve\u00ed i dialogar-hi.<\/li>\n\n\n\n<li><strong>Si produeix perjudicis substancials<\/strong>, la llei obliga a tolerar-la \u00fanicament quan \u00e9s conseq\u00fc\u00e8ncia de l&#039;\u00fas normal de la finca ve\u00efna i fer-la cessar suposaria un gasto desproporcionat.<\/li>\n\n\n\n<li><strong>Si les immissions substancials provenen d&#039;instal\u00b7lacions autoritzades administrativament<\/strong>, el propietari afectat pot requerir l&#039;adopci\u00f3 de les mesures t\u00e8cnicament possibles i econ\u00f2micament razonables per evitar el dany.<\/li>\n<\/ul>\n\n\n<div class=\"wp-block-image\">\n<figure class=\"aligncenter size-large\"><img decoding=\"async\" src=\"https:\/\/www.fincasolivares.com\/wp-content\/uploads\/2026\/07\/Aire-condicionat-3-1024x576.jpg\" alt=\"Aire condicionat\" class=\"wp-image-349566\" title=\"\"><\/figure>\n<\/div>\n\n\n<h3 class=\"wp-block-heading\">Quina \u00e9s la dist\u00e0ncia m\u00ednima respecte de l&#039;aire condicionat del ve\u00ed?<\/h3>\n\n\n\n<p class=\"wp-block-paragraph\">No existeix <strong>cap dist\u00e0ncia m\u00ednima establerta.<\/strong> L&#039;Ordenan\u00e7a d&#039;Usos del Paisatge Urb\u00e0 se centra en altres aspectes:<\/p>\n\n\n\n<ul class=\"wp-block-list\">\n<li><strong>Impedir l&#039;impacte visual<\/strong> de la instal\u00b7laci\u00f3.<\/li>\n\n\n\n<li><strong>Assegurar la cura<\/strong> de la fachada.<\/li>\n\n\n\n<li>Deixar clar que <strong>la terrassa \u00e9s el lloc on empla\u00e7ar-ho.<\/strong><\/li>\n<\/ul>\n\n\n\n<p class=\"wp-block-paragraph\">A m\u00e9s, segons el document Criteris de col\u00b7locaci\u00f3 dels aires condicionats a la ciutat de Barcelona, instal\u00b7lar l&#039;aparell al balc\u00f3 de la comunitat <strong>no ha de ser lopci\u00f3 priorit\u00e0ria.<\/strong><\/p>\n\n\n\n<h2 class=\"wp-block-heading\">Qu\u00e8 fer si un ve\u00ed posa aire condicionat sense perm\u00eds?<\/h2>\n\n\n\n<p class=\"wp-block-paragraph\">Quan un vei instal\u00b7la un aparell sense autoritzaci\u00f3, conv\u00e9 <strong>anar augmentant gradualment les mesures fins a aconseguir que el retiri o el legalitzi.<\/strong> Aquests s\u00f3n els passos, en ordre:<\/p>\n\n\n\n<h3 class=\"wp-block-heading\">1. Fase amistosa<\/h3>\n\n\n\n<p class=\"wp-block-paragraph\">Sovint el ve\u00ed desconeix la normativa i ha contractat una empresa instal\u00b7ladora que ha col\u00b7locat el motor sense estudiar-la. Conv\u00e9 <strong>informar-ho, amb tot ser\u00e8 i en termes comprensibles, del contingut de l&#039;Ordenan\u00e7a i dels Estatuts<\/strong>, i demanar-li que reubiqui o retiri l&#039;aparell.<\/p>\n\n\n\n<h3 class=\"wp-block-heading\">2. Requeriment per burofax<\/h3>\n\n\n\n<p class=\"wp-block-paragraph\">Si el di\u00e0leg no funciona, <strong>el president de la comunitat (o l&#039;administrador de finques en nom seu) ha d&#039;enviar un burofax amb justificant de recepci\u00f3 al propietari.<\/strong> S&#039;hi requereix formalment la retirada o modificaci\u00f3 de la instal\u00b7laci\u00f3 en un termini determinat (per exemple, 15 dies), indicant quina norma incompleix.<\/p>\n\n\n\n<h3 class=\"wp-block-heading\">3. Den\u00fancia davant de l&#039;Ajuntament<\/h3>\n\n\n\n<p class=\"wp-block-paragraph\">Si el ve\u00ed no respon al burofax dins del termini, <strong>qualsevol ve\u00ed perjudicat pot denunciar la instal\u00b7laci\u00f3 al Consistori per incomplir l&#039;Ordenan\u00e7a d&#039;Usos del Paisatge Urb\u00e0.<\/strong> La denuncia pot tenir aquest recorregut:<\/p>\n\n\n\n<ul class=\"wp-block-list\">\n<li>Un inspector municipal visitar\u00e0 la finca i, si constata la infracci\u00f3, lAjuntament obrir\u00e0 un expedient sancionador.<\/li>\n\n\n\n<li>S&#039;imposar\u00e0 una multa al propietari i se l&#039;obligar\u00e0 a retirar o legalitzar l&#039;aparell sota amena\u00e7a de sancions econ\u00f2miques.<\/li>\n<\/ul>\n\n\n\n<h3 class=\"wp-block-heading\">4. Via judicial: L&#039;acci\u00f3 de cessaci\u00f3<\/h3>\n\n\n\n<p class=\"wp-block-paragraph\">Si l&#039;aparell continua sense retirar-se ni recol\u00b7locar-se, <strong>es pot acudir a un jutge perqu\u00e8 decreti l&#039;acci\u00f3 de cessaci\u00f3<\/strong>, d&#039;acord amb l&#039;article 553-40 del Codi Civil Catal\u00e0:<\/p>\n\n\n\n<ul class=\"wp-block-list\">\n<li>L&#039;<strong>art. 553-40.1<\/strong> estableix que els propietaris i ocupants no poden dur a terme, ni als elements privatius ni a la resta de l&#039;immoble, activitats contr\u00e0ries a la conviv\u00e8ncia normal a la comunitat.<\/li>\n\n\n\n<li>L&#039;<strong>art. 553-40.2<\/strong> permet a la presid\u00e8ncia de la comunitat \u2014per iniciativa pr\u00f2pia oa petici\u00f3 duna quarta part dels propietaris\u2014 exercir lacci\u00f3 de cessaci\u00f3. Presentada la demanda, acompanyada del requeriment i del certificat de lacord de la Junta, lautoritat judicial pot adoptar mesures cautelars, inclosa la cessaci\u00f3 immediata de lactivitat prohibida.<\/li>\n<\/ul>\n\n\n<div class=\"wp-block-image\">\n<figure class=\"aligncenter size-large\"><img decoding=\"async\" src=\"https:\/\/www.fincasolivares.com\/wp-content\/uploads\/2026\/07\/Aire-condicionat-4-1024x576.jpg\" alt=\"Aire condicionat\" class=\"wp-image-349569\" title=\"\"><\/figure>\n<\/div>\n\n\n<p class=\"wp-block-paragraph\"><\/p>","protected":false},"excerpt":{"rendered":"<p>Davant d&#8217;onades de calor com l&#8217;actual, l&#8217;aire condicionat s&#8217;ha tornat gaireb\u00e9 imprescindible. Controlar-ne el consum permet estalviar a la factura el\u00e8ctrica, per\u00f2 abans d&#8217;instal\u00b7lar-lo conv\u00e9 resoldre un dubte previ: On es pot col\u00b7locar legalment dins d&#8217;una comunitat de propietaris? En aquest article repassem la normativa aplicable, on es permet ubicar l&#8217;aparell i el seu motor, [&hellip;]<\/p>\n","protected":false},"author":8,"featured_media":1332114,"comment_status":"closed","ping_status":"open","sticky":false,"template":"","format":"standard","meta":{"footnotes":""},"categories":[283],"tags":[],"class_list":["post-1332113","post","type-post","status-publish","format-standard","has-post-thumbnail","hentry","category-blog-serra"],"_links":{"self":[{"href":"https:\/\/www.serra.immo\/ca\/wp-json\/wp\/v2\/posts\/1332113","targetHints":{"allow":["GET"]}}],"collection":[{"href":"https:\/\/www.serra.immo\/ca\/wp-json\/wp\/v2\/posts"}],"about":[{"href":"https:\/\/www.serra.immo\/ca\/wp-json\/wp\/v2\/types\/post"}],"author":[{"embeddable":true,"href":"https:\/\/www.serra.immo\/ca\/wp-json\/wp\/v2\/users\/8"}],"replies":[{"embeddable":true,"href":"https:\/\/www.serra.immo\/ca\/wp-json\/wp\/v2\/comments?post=1332113"}],"version-history":[{"count":1,"href":"https:\/\/www.serra.immo\/ca\/wp-json\/wp\/v2\/posts\/1332113\/revisions"}],"predecessor-version":[{"id":1332115,"href":"https:\/\/www.serra.immo\/ca\/wp-json\/wp\/v2\/posts\/1332113\/revisions\/1332115"}],"wp:featuredmedia":[{"embeddable":true,"href":"https:\/\/www.serra.immo\/ca\/wp-json\/wp\/v2\/media\/1332114"}],"wp:attachment":[{"href":"https:\/\/www.serra.immo\/ca\/wp-json\/wp\/v2\/media?parent=1332113"}],"wp:term":[{"taxonomy":"category","embeddable":true,"href":"https:\/\/www.serra.immo\/ca\/wp-json\/wp\/v2\/categories?post=1332113"},{"taxonomy":"post_tag","embeddable":true,"href":"https:\/\/www.serra.immo\/ca\/wp-json\/wp\/v2\/tags?post=1332113"}],"curies":[{"name":"wp","href":"https:\/\/api.w.org\/{rel}","templated":true}]}}