{"id":1288426,"date":"2025-06-26T11:13:36","date_gmt":"2025-06-26T09:13:36","guid":{"rendered":"https:\/\/www.serra.immo\/?p=1288426"},"modified":"2025-06-26T11:13:37","modified_gmt":"2025-06-26T09:13:37","slug":"guia-2025-sobre-eficiencia-energetica","status":"publish","type":"post","link":"https:\/\/www.serra.immo\/ca\/guia-2025-sobre-eficiencia-energetica\/","title":{"rendered":"\ud83c\udfe1 Estalvia reformant: guia 2025 sobre efici\u00e8ncia energ\u00e8tica i ajudes per al teu habitatge"},"content":{"rendered":"<p>L&#039;efici\u00e8ncia energ\u00e8tica ja no \u00e9s nom\u00e9s una opci\u00f3 sostenible: \u00e9s una manera directa d&#039;estalviar a casa, revaloritzar el vostre habitatge i millorar el confort diari. Si vius al Garraf o al Pened\u00e8s i est\u00e0s pensant a fer reformes, aquest 2025 hi ha <strong>ajudes p\u00fabliques actives <\/strong>que poden cobrir una part important de la inversi\u00f3.<\/p>\n\n\n\n<h2 class=\"wp-block-heading\"><strong>Per qu\u00e8 invertir en efici\u00e8ncia energ\u00e8tica?<\/strong><\/h2>\n\n\n\n<ul class=\"wp-block-list\">\n<li>Redueixes el consum el\u00e8ctric i de gas.<\/li>\n\n\n\n<li>Ganes confort t\u00e8rmic i ac\u00fastic.<\/li>\n\n\n\n<li>Augmentes el valor de mercat del teu habitatge.<\/li>\n\n\n\n<li>Contribueixes a reduir emissions i combatre el canvi clim\u00e0tic.<\/li>\n\n\n\n<li>Pots accedir a <strong>subvencions i bonificacions fiscals<\/strong>.<\/li>\n<\/ul>\n\n\n\n<h2 class=\"wp-block-heading\"><strong>Reformes amb impacte (i amb subvenci\u00f3)<\/strong><\/h2>\n\n\n\n<p>Aquestes s\u00f3n algunes de les millores m\u00e9s habituals i que solen estar subvencionades:<\/p>\n\n\n\n<ul class=\"wp-block-list\">\n<li>A\u00efllament de fa\u00e7anes, cobertes o terres.<\/li>\n\n\n\n<li>Substituci\u00f3 de finestres per tancaments m\u00e9s eficients.<\/li>\n\n\n\n<li>Sistemes de calefacci\u00f3 i refrigeraci\u00f3 d\u00b4alta efici\u00e8ncia.<\/li>\n\n\n\n<li>Instal\u00b7laci\u00f3 de plaques solars per a autoconsum.<\/li>\n\n\n\n<li>Dom\u00f2tica i sistemes de control intel\u00b7ligent del consum.<\/li>\n<\/ul>\n\n\n\n<h2 class=\"wp-block-heading\"><strong>Quines ajudes hi ha el 2025?<\/strong><\/h2>\n\n\n\n<p>Durant el 2025 segueixen actius els fons del programa <strong><a href=\"https:\/\/next-generation-eu.europa.eu\/index_es\" target=\"_blank\" rel=\"noopener\">Next Generation EU<\/a><\/strong>, gestionats a Catalunya a trav\u00e9s de l' <strong><a href=\"https:\/\/icaen.gencat.cat\/ca\/inici\/index.html\" target=\"_blank\" rel=\"noopener\">ICAEN<\/a><\/strong> i altres organismes. Segons el tipus d&#039;actuaci\u00f3 i la millora energ\u00e8tica aconseguida, podeu optar a:<\/p>\n\n\n\n<ul class=\"wp-block-list\">\n<li>Fins a un 40-80 % de subvenci\u00f3 en obres de rehabilitaci\u00f3.<\/li>\n\n\n\n<li>Subvencions per a projectes t\u00e8cnics i certificats energ\u00e8tics.<\/li>\n\n\n\n<li>Deduccions fiscals a l&#039;IRPF per millores energ\u00e8tiques.<\/li>\n<\/ul>\n\n\n\n<p>\ud83d\udccd Tingues en compte: aquestes ajudes solen tenir <strong>termini limitat i fons disponibles per ordre de sol\u00b7licitud.<\/strong><\/p>\n\n\n\n<h2 class=\"wp-block-heading\"><strong>I si visc en una comunitat de ve\u00efns?<\/strong><\/h2>\n\n\n\n<p>Encara millor. Hi ha l\u00ednies espec\u00edfiques per a edificis plurifamiliars, especialment quan les obres afecten elements comuns (fa\u00e7ana, coberta, ascensor, etc.). En aquest cas, les subvencions poden ser m\u00e9s altes i beneficiar tots els propietaris.<\/p>\n\n\n\n<p>A <a href=\"https:\/\/www.serra.immo\/ca\/\"><strong>Serra<\/strong><\/a> podem ajudar-te a:<\/p>\n\n\n\n<ul class=\"wp-block-list\">\n<li>Detectar millores amb retorn real.<\/li>\n\n\n\n<li>Tramitar ajuts i coordinar tota la documentaci\u00f3.<\/li>\n\n\n\n<li>Supervisar les obres complint terminis i pressupost.<\/li>\n\n\n\n<li>Acompanyar la comunitat des del principi fins al final.<\/li>\n<\/ul>\n\n\n\n<h2 class=\"wp-block-heading\"><strong>Per on comen\u00e7o?<\/strong><\/h2>\n\n\n\n<ol class=\"wp-block-list\">\n<li>Demana un estudi t\u00e8cnic previ.<\/li>\n\n\n\n<li>Consulta si hi ha ajuts disponibles per al teu cas.<\/li>\n\n\n\n<li>Valoreu quines actuacions us interessen.<\/li>\n\n\n\n<li>Deixa&#039;t assessorar. Nosaltres t&#039;hi acompanyem.<\/li>\n<\/ol>\n\n\n\n<h2 class=\"wp-block-heading\"><strong>Vols fer el teu habitatge (o el teu edifici) m\u00e9s eficient i confortable?<\/strong><\/h2>\n\n\n\n<p>A <strong><a href=\"https:\/\/www.serra.immo\/ca\/\">Serra<\/a><\/strong> us guiem per aprofitar les ajudes, prendre bones decisions i reformar amb garanties.<\/p>\n\n\n\n<p>\ud83d\udce9 <a href=\"https:\/\/www.serra.immo\/ca\/contacte\/\">Contacta amb nosaltres<\/a> i t&#039;ho expliquem sense comprom\u00eds.<\/p>\n\n\n\n<div class=\"wp-block-buttons is-content-justification-center is-layout-flex wp-container-core-buttons-is-layout-16018d1d wp-block-buttons-is-layout-flex\">\n<div class=\"wp-block-button\"><a class=\"wp-block-button__link has-text-align-center wp-element-button\" href=\"https:\/\/www.serra.immo\/ca\/contacte\/\">Contacta<\/a><\/div>\n<\/div>\n\n\n\n<p><\/p>","protected":false},"excerpt":{"rendered":"<p>La eficiencia energ\u00e9tica ya no es solo una opci\u00f3n sostenible: es una forma directa de ahorrar en casa, revalorizar tu vivienda y mejorar el confort diario. Si vives en el Garraf o en el Pened\u00e8s y est\u00e1s pensando en hacer reformas, este 2025 hay ayudas p\u00fablicas activas que pueden cubrir una parte importante de la [&hellip;]<\/p>\n","protected":false},"author":3,"featured_media":1288427,"comment_status":"closed","ping_status":"open","sticky":false,"template":"","format":"standard","meta":{"footnotes":""},"categories":[1],"tags":[],"class_list":["post-1288426","post","type-post","status-publish","format-standard","has-post-thumbnail","hentry","category-informacion"],"_links":{"self":[{"href":"https:\/\/www.serra.immo\/ca\/wp-json\/wp\/v2\/posts\/1288426","targetHints":{"allow":["GET"]}}],"collection":[{"href":"https:\/\/www.serra.immo\/ca\/wp-json\/wp\/v2\/posts"}],"about":[{"href":"https:\/\/www.serra.immo\/ca\/wp-json\/wp\/v2\/types\/post"}],"author":[{"embeddable":true,"href":"https:\/\/www.serra.immo\/ca\/wp-json\/wp\/v2\/users\/3"}],"replies":[{"embeddable":true,"href":"https:\/\/www.serra.immo\/ca\/wp-json\/wp\/v2\/comments?post=1288426"}],"version-history":[{"count":1,"href":"https:\/\/www.serra.immo\/ca\/wp-json\/wp\/v2\/posts\/1288426\/revisions"}],"predecessor-version":[{"id":1288428,"href":"https:\/\/www.serra.immo\/ca\/wp-json\/wp\/v2\/posts\/1288426\/revisions\/1288428"}],"wp:featuredmedia":[{"embeddable":true,"href":"https:\/\/www.serra.immo\/ca\/wp-json\/wp\/v2\/media\/1288427"}],"wp:attachment":[{"href":"https:\/\/www.serra.immo\/ca\/wp-json\/wp\/v2\/media?parent=1288426"}],"wp:term":[{"taxonomy":"category","embeddable":true,"href":"https:\/\/www.serra.immo\/ca\/wp-json\/wp\/v2\/categories?post=1288426"},{"taxonomy":"post_tag","embeddable":true,"href":"https:\/\/www.serra.immo\/ca\/wp-json\/wp\/v2\/tags?post=1288426"}],"curies":[{"name":"wp","href":"https:\/\/api.w.org\/{rel}","templated":true}]}}