{"id":1281574,"date":"2025-04-22T09:20:05","date_gmt":"2025-04-22T07:20:05","guid":{"rendered":"https:\/\/www.serra.immo\/?p=1281574"},"modified":"2025-04-22T09:20:07","modified_gmt":"2025-04-22T07:20:07","slug":"comunitats-gestionades","status":"publish","type":"post","link":"https:\/\/www.serra.immo\/ca\/comunidades-gestionadas\/","title":{"rendered":"Serra supera les 1.000 comunitats gestionades: el nostre comprom\u00eds continua creixent amb tu"},"content":{"rendered":"<p>A Serra, estem encantats de compartir un gran \u00e8xit: ja superem les 1.000 comunitats gestionades. Aquesta xifra representa molt m\u00e9s que un n\u00famero. \u00c9s una prova del nostre esfor\u00e7 constant, del coneixement adquirit a trav\u00e9s dels anys i, sobretot, del comprom\u00eds real amb cadascun dels nostres clients.<\/p>\n\n\n\n<p>Des dels nostres inicis el 1965, hem apostat per oferir <a href=\"https:\/\/www.serra.immo\/ca\/administradors-de-comunitats-de-veins\/\"><strong>solucions que simplifiquen la vida a propietaris i ve\u00efns<\/strong><\/a>. Gestionar m\u00e9s de 1.000 comunitats significa que milers de persones confien en nosaltres di\u00e0riament per garantir tranquil\u00b7litat, efici\u00e8ncia i seguretat a casa i espais compartits.<\/p>\n\n\n\n<h2 class=\"wp-block-heading\">La nostra f\u00f3rmula: anticipar-nos i solucionar<\/h2>\n\n\n\n<p>Gestionar comunitats va m\u00e9s enll\u00e0 d&#039;atendre trucades o solucionar incid\u00e8ncies puntuals. A Serra, sabem que el m\u00e9s important \u00e9s anticipar-se, planificar b\u00e9 i actuar amb rapidesa. El nostre equip expert visita regularment les comunitats per detectar possibles necessitats abans que es converteixin en problemes, oferint sempre solucions proactives i efectives.<\/p>\n\n\n\n<p>A m\u00e9s, apostem per la tecnologia per agilitzar processos administratius, facilitar la comunicaci\u00f3 i fer que tota la gesti\u00f3 sigui transparent i senzilla per a tothom.<\/p>\n\n\n\n<p><\/p>\n\n\n\n<figure class=\"wp-block-image size-large\"><img fetchpriority=\"high\" decoding=\"async\" width=\"1024\" height=\"1024\" src=\"https:\/\/www.serra.immo\/wp-content\/smush-webp\/2025\/04\/gestion-de-comunidades-1024x1024.jpg.webp\" alt=\"gesti\u00f3 de comunitats\" class=\"wp-image-1281576\" title=\"\" srcset=\"https:\/\/www.serra.immo\/wp-content\/smush-webp\/2025\/04\/gestion-de-comunidades-1024x1024.jpg.webp 1024w, https:\/\/www.serra.immo\/wp-content\/smush-webp\/2025\/04\/gestion-de-comunidades-300x300.jpg.webp 300w, https:\/\/www.serra.immo\/wp-content\/smush-webp\/2025\/04\/gestion-de-comunidades-150x150.jpg.webp 150w, https:\/\/www.serra.immo\/wp-content\/smush-webp\/2025\/04\/gestion-de-comunidades-768x768.jpg.webp 768w, https:\/\/www.serra.immo\/wp-content\/smush-webp\/2025\/04\/gestion-de-comunidades-12x12.jpg.webp 12w, https:\/\/www.serra.immo\/wp-content\/smush-webp\/2025\/04\/gestion-de-comunidades-780x780.jpg.webp 780w, https:\/\/www.serra.immo\/wp-content\/smush-webp\/2025\/04\/gestion-de-comunidades-600x600.jpg.webp 600w, https:\/\/www.serra.immo\/wp-content\/smush-webp\/2025\/04\/gestion-de-comunidades-496x496.jpg.webp 496w, https:\/\/www.serra.immo\/wp-content\/smush-webp\/2025\/04\/gestion-de-comunidades.jpg.webp 1080w\" sizes=\"(max-width: 1024px) 100vw, 1024px\" \/><\/figure>\n\n\n\n<p><\/p>\n\n\n\n<h2 class=\"wp-block-heading\">Experi\u00e8ncia que es nota<\/h2>\n\n\n\n<p>Gestionar un nombre tan ampli de comunitats ens aporta un coneixement \u00fanic del sector. Sabem perfectament que cada comunitat \u00e9s diferent i t\u00e9 les pr\u00f2pies necessitats. La nostra \u00e0mplia experi\u00e8ncia ens permet adaptar-nos amb rapidesa i efic\u00e0cia, proposant solucions personalitzades que realment funcionen.<\/p>\n\n\n\n<p>Aquesta proximitat i adaptaci\u00f3 constant ha fet possible que cada cop m\u00e9s comunitats confi\u00efn en nosaltres.<\/p>\n\n\n\n<h2 class=\"wp-block-heading\">Continuem creixent amb tu<\/h2>\n\n\n\n<p>En superar les 1.000 comunitats gestionades, reafirmem el nostre comprom\u00eds de continuar creixent, evolucionant i aprenent. Perqu\u00e8 gestionar comunitats no nom\u00e9s es tracta de n\u00fameros, sin\u00f3 de persones, relacions i qualitat de vida.<\/p>\n\n\n\n<p>Gr\u00e0cies a totes les comunitats que formen part de Serra per ajudar-nos a assolir aquesta fita.<\/p>\n\n\n\n<p><a href=\"https:\/\/www.serra.immo\/ca\/contacte\/\" target=\"_blank\" rel=\"noopener\"><strong>Contacta amb nosaltres<\/strong><\/a> i descobreix tot all\u00f2 que Serra pot fer per tu.<\/p>","protected":false},"excerpt":{"rendered":"<p>En Serra, estamos encantados de compartir un gran logro: ya superamos las 1.000 comunidades gestionadas. Esta cifra representa mucho m\u00e1s que un n\u00famero. Es una prueba de nuestro esfuerzo constante, del conocimiento adquirido a trav\u00e9s de los a\u00f1os y, sobre todo, del compromiso real con cada uno de nuestros clientes. Desde nuestros inicios en 1965, [&hellip;]<\/p>\n","protected":false},"author":3,"featured_media":1281575,"comment_status":"closed","ping_status":"open","sticky":false,"template":"","format":"standard","meta":{"footnotes":""},"categories":[1],"tags":[],"class_list":["post-1281574","post","type-post","status-publish","format-standard","has-post-thumbnail","hentry","category-informacion"],"_links":{"self":[{"href":"https:\/\/www.serra.immo\/ca\/wp-json\/wp\/v2\/posts\/1281574","targetHints":{"allow":["GET"]}}],"collection":[{"href":"https:\/\/www.serra.immo\/ca\/wp-json\/wp\/v2\/posts"}],"about":[{"href":"https:\/\/www.serra.immo\/ca\/wp-json\/wp\/v2\/types\/post"}],"author":[{"embeddable":true,"href":"https:\/\/www.serra.immo\/ca\/wp-json\/wp\/v2\/users\/3"}],"replies":[{"embeddable":true,"href":"https:\/\/www.serra.immo\/ca\/wp-json\/wp\/v2\/comments?post=1281574"}],"version-history":[{"count":2,"href":"https:\/\/www.serra.immo\/ca\/wp-json\/wp\/v2\/posts\/1281574\/revisions"}],"predecessor-version":[{"id":1281578,"href":"https:\/\/www.serra.immo\/ca\/wp-json\/wp\/v2\/posts\/1281574\/revisions\/1281578"}],"wp:featuredmedia":[{"embeddable":true,"href":"https:\/\/www.serra.immo\/ca\/wp-json\/wp\/v2\/media\/1281575"}],"wp:attachment":[{"href":"https:\/\/www.serra.immo\/ca\/wp-json\/wp\/v2\/media?parent=1281574"}],"wp:term":[{"taxonomy":"category","embeddable":true,"href":"https:\/\/www.serra.immo\/ca\/wp-json\/wp\/v2\/categories?post=1281574"},{"taxonomy":"post_tag","embeddable":true,"href":"https:\/\/www.serra.immo\/ca\/wp-json\/wp\/v2\/tags?post=1281574"}],"curies":[{"name":"wp","href":"https:\/\/api.w.org\/{rel}","templated":true}]}}