{"id":1228693,"date":"2025-01-17T12:51:44","date_gmt":"2025-01-17T11:51:44","guid":{"rendered":"https:\/\/www.serra.immo\/?p=1228693"},"modified":"2025-01-17T12:52:24","modified_gmt":"2025-01-17T11:52:24","slug":"comprar-o-vendre-casa-a-sant-pere-de-ribes","status":"publish","type":"post","link":"https:\/\/www.serra.immo\/ca\/comprar-o-vender-casa-en-sant-pere-de-ribes\/","title":{"rendered":"T&#039;ajudem a comprar o vendre casa a Sant Pere de Ribes"},"content":{"rendered":"<p>Si est\u00e0s buscant <strong>comprar o vendre casa a Sant Pere de Ribes<\/strong>, ara ens tens encara m\u00e9s a prop teu. Serra ha obert oficina a Sant Pere de Ribes, consolidant la seva pres\u00e8ncia al Garraf per oferir un servei m\u00e9s proper i personalitzat als que busquen oportunitats immobili\u00e0ries en aquesta zona privilegiada.<\/p>\n\n\n\n<h2 class=\"wp-block-heading\">Sant Pere de Ribes: un lloc amb encant per viure<\/h2>\n\n\n\n<p>Situat entre Vilanova i la Geltr\u00fa i Sitges, Sant Pere de Ribes \u00e9s una localitat que ha guanyat popularitat els darrers anys gr\u00e0cies a la seva qualitat de vida. La seva combinaci\u00f3 de tranquil\u00b7litat, entorn natural i proximitat a la costa el converteixen en una destinaci\u00f3 ideal tant per als que busquen establir la seva resid\u00e8ncia habitual com per a aquells que desitgen un segon habitatge a prop del mar.<\/p>\n\n\n\n<p>Alguns dels avantatges de viure a Sant Pere de Ribes:<\/p>\n\n\n\n<ul class=\"wp-block-list\">\n<li><strong>Entorn natural<\/strong>: envoltat de vinyes ia prop del Parc Natural del Garraf.<\/li>\n\n\n\n<li><strong>Bona connexi\u00f3<\/strong>: f\u00e0cil acc\u00e9s a Barcelona amb cotxe o transport p\u00fablic.<\/li>\n\n\n\n<li><strong>Habitatges amb car\u00e0cter<\/strong>: des de cases de poble amb hist\u00f2ria fins a modernes viles amb jard\u00ed.<\/li>\n\n\n\n<li><strong>Serveis i comer\u00e7os<\/strong>: un municipi amb vida pr\u00f2pia, col\u00b7legis, comer\u00e7os i una comunitat activa i que viu les seves festivitats com a poques.<\/li>\n<\/ul>\n\n\n\n<p class=\"has-text-align-left\"><a href=\"https:\/\/www.serra.immo\/ca\/compra-venda-dimmobles\/\"><strong>Explora les opcions de compravenda a la zona<\/strong><\/a><\/p>\n\n\n\n<h2 class=\"wp-block-heading\">Qu\u00e8 podem oferir-te a la nostra oficina de Sant Pere de Ribes?<\/h2>\n\n\n\n<p>Amb aquesta nova oficina, Serra Grup Immobiliari refor\u00e7a el seu comprom\u00eds amb els clients que busquen <strong>comprar, vendre o llogar<\/strong> a la zona. El nostre equip coneix a fons el mercat local i us ofereix:<\/p>\n\n\n\n<ul class=\"wp-block-list\">\n<li><strong>Assessorament expert<\/strong> per trobar l&#039;habitatge que millor s&#039;adapti a les vostres necessitats.<\/li>\n\n\n\n<li><strong>Valoracions de mercat<\/strong> precises per als qui volen vendre amb les millors condicions.<\/li>\n\n\n\n<li><strong>Acc\u00e9s a una \u00e0mplia cartera de propietats<\/strong> a Sant Pere de Ribes i rodalies.<\/li>\n\n\n\n<li><strong>Gesti\u00f3 integral de la compravenda<\/strong> perqu\u00e8 tot el proc\u00e9s sigui \u00e0gil i sense complicacions.<\/li>\n<\/ul>\n\n\n\n<p class=\"has-text-align-left\"><a href=\"https:\/\/www.serra.immo\/ca\/valoracio-immobiliaria\/\"><strong>Demana una valoraci\u00f3 de la teva propietat aqu\u00ed<\/strong><\/a><\/p>\n\n\n\n<p class=\"has-text-align-left\"><a href=\"https:\/\/www.serra.immo\/ca\/immobiliaria-serra-sant-pere-de-ribes\/\"><strong>Coneix totes la nostra oficina a Sant Pere de Ribes<\/strong><\/a><\/p>\n\n\n\n<h2 class=\"wp-block-heading\">Busques habitatge a Sant Pere de Ribes? Parlem<\/h2>\n\n\n\n<p>Si est\u00e0s pensant en mudar-te a aquesta localitat o vols vendre la teva propietat amb el suport de professionals, <strong>passa&#039;t per la nostra oficina a Sant Pere de Ribes<\/strong>. Estarem encantats d&#039;atendre&#039;t i ajudar-te a fer realitat el teu projecte immobiliari.&nbsp;<\/p>\n\n\n\n<p>\ud83d\udccd Estem al c\/ Car\u00e7, 56<\/p>\n\n\n\n<p class=\"has-text-align-left\"><a href=\"https:\/\/www.serra.immo\/ca\/contacte\/\"><strong>Contacta&#039;ns per a m\u00e9s informaci\u00f3<\/strong><\/a><\/p>\n\n\n\n<p class=\"has-text-align-left\"><a href=\"https:\/\/www.serra.immo\/ca\/immobiliaria-serra-sant-pere-de-ribes\/\"><strong>Coneix totes les nostres oficines<\/strong><\/a><\/p>\n\n\n\n<p><\/p>","protected":false},"excerpt":{"rendered":"<p>Si est\u00e1s buscando comprar o vender casa en Sant Pere de Ribes, ahora nos tienes a\u00fan m\u00e1s cerca de ti. Serra ha abierto oficina en Sant Pere de Ribes, consolidando su presencia en el Garraf para ofrecer un servicio m\u00e1s cercano y personalizado a quienes buscan oportunidades inmobiliarias en esta zona privilegiada. Sant Pere de [&hellip;]<\/p>\n","protected":false},"author":3,"featured_media":1227986,"comment_status":"closed","ping_status":"open","sticky":false,"template":"","format":"standard","meta":{"footnotes":""},"categories":[1],"tags":[],"class_list":["post-1228693","post","type-post","status-publish","format-standard","has-post-thumbnail","hentry","category-informacion"],"_links":{"self":[{"href":"https:\/\/www.serra.immo\/ca\/wp-json\/wp\/v2\/posts\/1228693","targetHints":{"allow":["GET"]}}],"collection":[{"href":"https:\/\/www.serra.immo\/ca\/wp-json\/wp\/v2\/posts"}],"about":[{"href":"https:\/\/www.serra.immo\/ca\/wp-json\/wp\/v2\/types\/post"}],"author":[{"embeddable":true,"href":"https:\/\/www.serra.immo\/ca\/wp-json\/wp\/v2\/users\/3"}],"replies":[{"embeddable":true,"href":"https:\/\/www.serra.immo\/ca\/wp-json\/wp\/v2\/comments?post=1228693"}],"version-history":[{"count":2,"href":"https:\/\/www.serra.immo\/ca\/wp-json\/wp\/v2\/posts\/1228693\/revisions"}],"predecessor-version":[{"id":1228695,"href":"https:\/\/www.serra.immo\/ca\/wp-json\/wp\/v2\/posts\/1228693\/revisions\/1228695"}],"wp:featuredmedia":[{"embeddable":true,"href":"https:\/\/www.serra.immo\/ca\/wp-json\/wp\/v2\/media\/1227986"}],"wp:attachment":[{"href":"https:\/\/www.serra.immo\/ca\/wp-json\/wp\/v2\/media?parent=1228693"}],"wp:term":[{"taxonomy":"category","embeddable":true,"href":"https:\/\/www.serra.immo\/ca\/wp-json\/wp\/v2\/categories?post=1228693"},{"taxonomy":"post_tag","embeddable":true,"href":"https:\/\/www.serra.immo\/ca\/wp-json\/wp\/v2\/tags?post=1228693"}],"curies":[{"name":"wp","href":"https:\/\/api.w.org\/{rel}","templated":true}]}}