{"id":1225992,"date":"2025-07-31T13:41:00","date_gmt":"2025-07-31T11:41:00","guid":{"rendered":"https:\/\/www.serra.immo\/?p=1225992"},"modified":"2024-12-31T15:24:39","modified_gmt":"2024-12-31T14:24:39","slug":"garanteix-els-teus-ingressos-amb-lasseguranca-de-lloguer-2","status":"publish","type":"post","link":"https:\/\/www.serra.immo\/ca\/garantiza-tus-ingresos-con-el-seguro-de-alquiler\/","title":{"rendered":"Garanteix els teus ingressos amb la nostra asseguran\u00e7a de lloguer"},"content":{"rendered":"<p>Llogar una propietat pot ser una font d&#039;ingressos excel\u00b7lent, per\u00f2 tamb\u00e9 comporta riscos. Amb l&#039;asseguran\u00e7a d&#039;impagament de lloguer d&#039;Immobiliaria Serra, podeu gaudir de la tranquil\u00b7litat de saber que els vostres ingressos estan protegits en tot moment.<\/p>\n\n\n\n<h2 class=\"wp-block-heading\">Com funciona l&#039;asseguran\u00e7a d&#039;impagament de lloguer?<\/h2>\n\n\n\n<p>L&#039;asseguran\u00e7a d&#039;impagament de lloguer est\u00e0 dissenyada per protegir els propietaris davant de situacions imprevistes. Aquest servei cobreix:<\/p>\n\n\n\n<ul class=\"wp-block-list\">\n<li><strong>Impagaments de l&#039;inquil\u00ed:<\/strong> Si l&#039;inquil\u00ed no compleix el pagament del lloguer, l&#039;asseguran\u00e7a garanteix que rebr\u00e0s la teva renda de manera puntual.<\/li>\n\n\n\n<li><strong>Defensa jur\u00eddica:<\/strong> En cas de conflictes legals relacionats amb el lloguer, comptar\u00e0s amb assist\u00e8ncia jur\u00eddica experta.<\/li>\n\n\n\n<li><strong>Reparacions per danys:<\/strong> Algunes p\u00f2lisses tamb\u00e9 inclouen cobertura per a danys ocasionats per l&#039;inquil\u00ed.<\/li>\n<\/ul>\n\n\n\n<p>Aquest servei est\u00e0 pensat per eliminar preocupacions i garantir que el proc\u00e9s de llogar la vostra propietat sigui segur i rendible. A m\u00e9s, inclou una revisi\u00f3 peri\u00f2dica de la situaci\u00f3 de l&#039;inquil\u00ed, assegurant-te una gesti\u00f3 proactiva.<\/p>\n\n\n\n<p><a href=\"https:\/\/www.serra.immo\/ca\/assegurances-per-a-particulars-empreses-i-patrimonis\/\"><strong>Demana m\u00e9s informaci\u00f3 aqu\u00ed<\/strong><\/a><\/p>\n\n\n\n<h2 class=\"wp-block-heading\">Avantatges de protegir la teva propietat amb Serra<\/h2>\n\n\n\n<p>A Inmobiliaria Serra oferim un servei integral que va m\u00e9s enll\u00e0 de l&#039;asseguran\u00e7a. Alguns dels avantatges de comptar amb nosaltres s\u00f3n:<\/p>\n\n\n\n<h3 class=\"wp-block-heading\">1. Seguretat financera<\/h3>\n\n\n\n<p>L&#039;asseguran\u00e7a de lloguer garanteix que rebr\u00e0s els teus ingressos sense interrupcions, independentment de les circumst\u00e0ncies del llogater. Aix\u00f2 inclou cobertures esteses que cobreixen mesos addicionals en cas de desnonament.<\/p>\n\n\n\n<h3 class=\"wp-block-heading\">2. Tranquil\u00b7litat total<\/h3>\n\n\n\n<p>Saber que la teva inversi\u00f3 est\u00e0 protegida et permet enfocar-te a altres aspectes de la teva vida sense preocupacions innecess\u00e0ries. El nostre equip tamb\u00e9 ofereix assessorament continu per optimitzar els teus ingressos.<\/p>\n\n\n\n<h3 class=\"wp-block-heading\">3. Servei personalitzat<\/h3>\n\n\n\n<p>Cada propietat i propietari \u00e9s \u00fanic. El nostre equip adapta les solucions per oferir-te el millor servei segons les necessitats espec\u00edfiques. Incloem opcions d\u00b4ampliaci\u00f3 de l\u00b4asseguran\u00e7a per cobrir m\u00e9s eventualitats.<\/p>\n\n\n\n<h3 class=\"wp-block-heading\">4. Experi\u00e8ncia i respatller<\/h3>\n\n\n\n<p>Amb m\u00e9s de 30 anys al mercat, coneixem a fons les necessitats dels propietaris i oferim un servei de qualitat que pots confiar. El nostre equip est\u00e0 al dia amb les normatives legals per garantir la protecci\u00f3.<\/p>\n\n\n\n<p><a href=\"https:\/\/www.serra.immo\/ca\/gestio-de-lloguers\/\"><strong>Consulta les nostres solucions de lloguer segures<\/strong><\/a><\/p>\n\n\n\n<h2 class=\"wp-block-heading\">Casos reals de tranquil\u00b7litat<\/h2>\n\n\n\n<ul class=\"wp-block-list\">\n<li><strong>Rosa<\/strong>, propiet\u00e0ria d?un pis a Vilanova, va decidir llogar-lo per\u00f2 temia els riscos d?impagament. Amb la nostra asseguran\u00e7a, ha rebut els seus ingressos puntualment fins i tot en situacions de dificultat de l&#039;inquil\u00ed.<\/li>\n\n\n\n<li><strong>Javier<\/strong>, que va heretar un habitatge a Sitges, no volia bregar amb problemes legals. Gr\u00e0cies a la nostra assist\u00e8ncia jur\u00eddica inclosa a l&#039;asseguran\u00e7a, va resoldre un conflicte amb un llogater sense costos addicionals.<\/li>\n\n\n\n<li><strong>Anna i Llu\u00eds<\/strong>, un matrimoni que lloga la seva segona resid\u00e8ncia, van trobar al nostre servei la tranquil\u00b7litat de protegir la seva inversi\u00f3 mentre generen ingressos addicionals.<\/li>\n\n\n\n<li><strong>Maria<\/strong>, que va llogar el seu apartament al Garraf, va poder evitar danys costosos gr\u00e0cies a la cobertura que va incloure reparacions a la seva asseguran\u00e7a. Aix\u00f2 li va estalviar temps i diners mentre mantenia la relaci\u00f3 amb el seu llogater.<\/li>\n<\/ul>\n\n\n\n<p>Aquests casos mostren com una asseguran\u00e7a de lloguer pot fer que llogar sigui una experi\u00e8ncia segura i sense ensurts. A m\u00e9s, els nostres clients valoren la rapidesa i efic\u00e0cia amb qu\u00e8 gestionem qualsevol incident.<\/p>\n\n\n\n<p><a href=\"https:\/\/www.serra.immo\/ca\/contacte\/\"><strong>Informa&#039;t sobre els nostres serveis ara<\/strong><\/a><\/p>\n\n\n\n<h2 class=\"wp-block-heading\">Protegeix els teus ingressos avui mateix!<\/h2>\n\n\n\n<p>No deixis que els riscos et frenin. Amb l&#039;asseguran\u00e7a de lloguer d&#039;Inmobiliaria Serra, pots garantir els teus ingressos i gaudir d&#039;una experi\u00e8ncia de lloguer segura i sense complicacions. El nostre equip \u00e9s aqu\u00ed per assessorar-te i oferir-te solucions personalitzades. Tamb\u00e9 comptem amb paquets especials per a propietaris amb m\u00faltiples propietats.<\/p>\n\n\n\n<p>No importa quina sigui la teva situaci\u00f3, a Serra ens assegurem que tinguis la millor protecci\u00f3.<\/p>\n\n\n\n<p><a href=\"https:\/\/www.serra.immo\/ca\/assegurances-per-a-particulars-empreses-i-patrimonis\/\"><strong>Demana m\u00e9s informaci\u00f3 aqu\u00ed<\/strong><\/a><\/p>","protected":false},"excerpt":{"rendered":"<p>Alquilar una propiedad puede ser una excelente fuente de ingresos, pero tambi\u00e9n conlleva riesgos. Con el seguro de impago de alquiler de Inmobiliaria Serra, puedes disfrutar de la tranquilidad de saber que tus ingresos est\u00e1n protegidos en todo momento. \u00bfC\u00f3mo funciona el seguro de impago de alquiler? El seguro de impago de alquiler est\u00e1 dise\u00f1ado [&hellip;]<\/p>\n","protected":false},"author":3,"featured_media":1225993,"comment_status":"closed","ping_status":"open","sticky":false,"template":"","format":"standard","meta":{"footnotes":""},"categories":[1],"tags":[],"class_list":["post-1225992","post","type-post","status-publish","format-standard","has-post-thumbnail","hentry","category-informacion"],"_links":{"self":[{"href":"https:\/\/www.serra.immo\/ca\/wp-json\/wp\/v2\/posts\/1225992","targetHints":{"allow":["GET"]}}],"collection":[{"href":"https:\/\/www.serra.immo\/ca\/wp-json\/wp\/v2\/posts"}],"about":[{"href":"https:\/\/www.serra.immo\/ca\/wp-json\/wp\/v2\/types\/post"}],"author":[{"embeddable":true,"href":"https:\/\/www.serra.immo\/ca\/wp-json\/wp\/v2\/users\/3"}],"replies":[{"embeddable":true,"href":"https:\/\/www.serra.immo\/ca\/wp-json\/wp\/v2\/comments?post=1225992"}],"version-history":[{"count":2,"href":"https:\/\/www.serra.immo\/ca\/wp-json\/wp\/v2\/posts\/1225992\/revisions"}],"predecessor-version":[{"id":1225995,"href":"https:\/\/www.serra.immo\/ca\/wp-json\/wp\/v2\/posts\/1225992\/revisions\/1225995"}],"wp:featuredmedia":[{"embeddable":true,"href":"https:\/\/www.serra.immo\/ca\/wp-json\/wp\/v2\/media\/1225993"}],"wp:attachment":[{"href":"https:\/\/www.serra.immo\/ca\/wp-json\/wp\/v2\/media?parent=1225992"}],"wp:term":[{"taxonomy":"category","embeddable":true,"href":"https:\/\/www.serra.immo\/ca\/wp-json\/wp\/v2\/categories?post=1225992"},{"taxonomy":"post_tag","embeddable":true,"href":"https:\/\/www.serra.immo\/ca\/wp-json\/wp\/v2\/tags?post=1225992"}],"curies":[{"name":"wp","href":"https:\/\/api.w.org\/{rel}","templated":true}]}}