{"id":1225940,"date":"2025-03-07T12:06:00","date_gmt":"2025-03-07T11:06:00","guid":{"rendered":"https:\/\/www.serra.immo\/?p=1225940"},"modified":"2024-12-30T17:13:18","modified_gmt":"2024-12-30T16:13:18","slug":"es-bona-alternativa-lloguer-amb-opcio-a-compra","status":"publish","type":"post","link":"https:\/\/www.serra.immo\/ca\/es-buena-alternativa-alquiler-con-opcion-a-compra\/","title":{"rendered":"Lloguer amb opci\u00f3 de compra: \u00c9s l&#039;alternativa que necessites?"},"content":{"rendered":"<p>El lloguer amb opci\u00f3 de compra \u00e9s una modalitat cada cop m\u00e9s popular que combina la flexibilitat del lloguer amb la possibilitat d&#039;adquirir l&#039;habitatge en el futur. A Immobiliaria Serra t&#039;expliquem com funciona i com et podem ajudar a aprofitar aquesta opci\u00f3.<\/p>\n\n\n\n<h2 class=\"wp-block-heading\">Qu\u00e8 \u00e9s el lloguer amb opci\u00f3 de compra i com funciona?<\/h2>\n\n\n\n<p>Aquesta modalitat permet a un llogater viure en una propietat durant un temps determinat, pagant una renda mensual, amb lopci\u00f3 de comprar lhabitatge en finalitzar el contracte.<\/p>\n\n\n\n<h3 class=\"wp-block-heading\">Elements clau d&#039;aquesta modalitat:<\/h3>\n\n\n\n<ol start=\"1\" class=\"wp-block-list\">\n<li><strong>Contracte doble:<\/strong> Inclou un contracte de lloguer i una opci\u00f3 de compra.<\/li>\n\n\n\n<li><strong>Durada definida:<\/strong> Generalment, el contracte t\u00e9 una durada de 2 a 5 anys.<\/li>\n\n\n\n<li><strong>Pagament inicial:<\/strong> S&#039;acorda un pagament inicial que es descomptar\u00e0 del preu final de compra.<\/li>\n\n\n\n<li><strong>Renda mensual:<\/strong> Una part de la renda es pot destinar a reduir el preu de compra.<\/li>\n<\/ol>\n\n\n\n<h2 class=\"wp-block-heading\">Avantatges i desavantatges per a propietaris i llogaters<\/h2>\n\n\n\n<h3 class=\"wp-block-heading\">Per a llogaters:<\/h3>\n\n\n\n<p><strong>Avantatges:<\/strong><\/p>\n\n\n\n<ul class=\"wp-block-list\">\n<li>Permet avaluar si l&#039;habitatge \u00e9s adequat abans de comprometre&#039;s.<\/li>\n\n\n\n<li>Ofereix temps per reunir els diners necessaris per a la compra.<\/li>\n\n\n\n<li>Assegureu el preu de compra des de l&#039;inici del contracte.<\/li>\n<\/ul>\n\n\n\n<p><strong>Desavantatges:<\/strong><\/p>\n\n\n\n<ul class=\"wp-block-list\">\n<li>El pagament inicial pot ser alt.<\/li>\n\n\n\n<li>Si decidiu no comprar, no recuperareu el pagament inicial ni les rendes destinades a la compra.<\/li>\n<\/ul>\n\n\n\n<h3 class=\"wp-block-heading\">Per a propietaris:<\/h3>\n\n\n\n<p><strong>Avantatges:<\/strong><\/p>\n\n\n\n<ul class=\"wp-block-list\">\n<li>Atrau inquilins compromesos i redueix el risc d&#039;impagaments.<\/li>\n\n\n\n<li>Ofereix una eixida garantida en cas de venda futura.<\/li>\n<\/ul>\n\n\n\n<p><strong>Desavantatges:<\/strong><\/p>\n\n\n\n<ul class=\"wp-block-list\">\n<li>Podrien haver d&#039;esperar uns quants anys per concretar la venda.<\/li>\n\n\n\n<li>El preu de venda acordat podria no ajustar-se a les fluctuacions del mercat.<\/li>\n<\/ul>\n\n\n\n<p><a href=\"https:\/\/www.serra.immo\/ca\/cercador-dimmobles\/\"><strong><em>Consulta les nostres propietats disponibles<\/em><\/strong><\/a><\/p>\n\n\n\n<h2 class=\"wp-block-heading\">Propietats disponibles a Serra sota aquesta modalitat<\/h2>\n\n\n\n<p>A Immobiliaria Serra comptem amb una \u00e0mplia selecci\u00f3 de propietats que ofereixen aquesta opci\u00f3. Des d&#039;apartaments acollidors a zones c\u00e8ntriques fins a xalets en ubicacions exclusives, les nostres opcions de lloguer amb opci\u00f3 de compra estan dissenyades per adaptar-se a les teves necessitats.<\/p>\n\n\n\n<p><strong>Casos reals d&#039;\u00e8xit:<\/strong><\/p>\n\n\n\n<ul class=\"wp-block-list\">\n<li><strong>Anna i Jordi<\/strong>, una parella jove, van optar per aquesta modalitat per adquirir la seva primera llar. Durant els tres anys de contracte, van poder estalviar prou per formalitzar la compra sense complicacions.<\/li>\n\n\n\n<li><strong>Marta<\/strong>, una professional independent, necessitava estabilitat mentre definia els seus plans de futur. Gr\u00e0cies al lloguer amb opci\u00f3 de compra, va trobar un habitatge ideal amb la seguretat de poder comprar-lo m\u00e9s endavant.<\/li>\n\n\n\n<li><strong>Luis i Carmen<\/strong>, un matrimoni major, van decidir llogar una casa a prop de la fam\u00edlia amb l&#039;opci\u00f3 de compra per garantir el seu retir en un lloc que els encanta.<\/li>\n<\/ul>\n\n\n\n<p>Aquestes hist\u00f2ries demostren com el lloguer amb opci\u00f3 de compra pot ser una soluci\u00f3 efectiva per a diferents perfils.<\/p>\n\n\n\n<p><a href=\"https:\/\/www.serra.immo\/ca\/lloguer-dimmobles\/\"><strong><em>Consulta les nostres opcions de lloguer amb opci\u00f3 de compra<\/em><\/strong><\/a><\/p>\n\n\n\n<h2 class=\"wp-block-heading\">Conclusi\u00f3<\/h2>\n\n\n\n<p>El lloguer amb opci\u00f3 de compra \u00e9s una alternativa ideal per als que busquen flexibilitat i seguretat en la decisi\u00f3 immobili\u00e0ria. Amb el suport d&#039;Immobiliaria Serra, aquest proc\u00e9s esdev\u00e9 simple i transparent.<\/p>\n\n\n\n<h3 class=\"wp-block-heading\">Explora les teves possibilitats avui!<\/h3>\n\n\n\n<p>Consulta les nostres opcions de lloguer amb opci\u00f3 de compra i pren la millor decisi\u00f3 pel teu futur.<\/p>\n\n\n\n<p><a href=\"https:\/\/www.serra.immo\/ca\/contacte\/\"><strong><em>Contacta amb nosaltres ara<\/em><\/strong><\/a><\/p>","protected":false},"excerpt":{"rendered":"<p>El alquiler con opci\u00f3n a compra es una modalidad cada vez m\u00e1s popular que combina la flexibilidad del alquiler con la posibilidad de adquirir la vivienda en el futuro. En Inmobiliaria Serra te explicamos c\u00f3mo funciona y c\u00f3mo podemos ayudarte a aprovechar esta opci\u00f3n. \u00bfQu\u00e9 es el alquiler con opci\u00f3n a compra y c\u00f3mo funciona? [&hellip;]<\/p>\n","protected":false},"author":3,"featured_media":1225945,"comment_status":"closed","ping_status":"open","sticky":false,"template":"","format":"standard","meta":{"footnotes":""},"categories":[1],"tags":[],"class_list":["post-1225940","post","type-post","status-publish","format-standard","has-post-thumbnail","hentry","category-informacion"],"_links":{"self":[{"href":"https:\/\/www.serra.immo\/ca\/wp-json\/wp\/v2\/posts\/1225940","targetHints":{"allow":["GET"]}}],"collection":[{"href":"https:\/\/www.serra.immo\/ca\/wp-json\/wp\/v2\/posts"}],"about":[{"href":"https:\/\/www.serra.immo\/ca\/wp-json\/wp\/v2\/types\/post"}],"author":[{"embeddable":true,"href":"https:\/\/www.serra.immo\/ca\/wp-json\/wp\/v2\/users\/3"}],"replies":[{"embeddable":true,"href":"https:\/\/www.serra.immo\/ca\/wp-json\/wp\/v2\/comments?post=1225940"}],"version-history":[{"count":2,"href":"https:\/\/www.serra.immo\/ca\/wp-json\/wp\/v2\/posts\/1225940\/revisions"}],"predecessor-version":[{"id":1225946,"href":"https:\/\/www.serra.immo\/ca\/wp-json\/wp\/v2\/posts\/1225940\/revisions\/1225946"}],"wp:featuredmedia":[{"embeddable":true,"href":"https:\/\/www.serra.immo\/ca\/wp-json\/wp\/v2\/media\/1225945"}],"wp:attachment":[{"href":"https:\/\/www.serra.immo\/ca\/wp-json\/wp\/v2\/media?parent=1225940"}],"wp:term":[{"taxonomy":"category","embeddable":true,"href":"https:\/\/www.serra.immo\/ca\/wp-json\/wp\/v2\/categories?post=1225940"},{"taxonomy":"post_tag","embeddable":true,"href":"https:\/\/www.serra.immo\/ca\/wp-json\/wp\/v2\/tags?post=1225940"}],"curies":[{"name":"wp","href":"https:\/\/api.w.org\/{rel}","templated":true}]}}