{"id":1225939,"date":"2025-04-04T16:53:00","date_gmt":"2025-04-04T14:53:00","guid":{"rendered":"https:\/\/www.serra.immo\/?p=1225939"},"modified":"2024-12-30T17:20:40","modified_gmt":"2024-12-30T16:20:40","slug":"es-millor-reformar-o-vendre-guia-per-a-propietaris","status":"publish","type":"post","link":"https:\/\/www.serra.immo\/ca\/es-mejor-reformar-o-vender-guia-para-propietarios\/","title":{"rendered":"\u00c9s millor reformar o vendre? Guia per a propietaris indecisos"},"content":{"rendered":"<p>Quan es tracta d&#039;una propietat, es pot complicar decidir entre reformar-la o vendre-la. Ambdues opcions tenen pros i contres, i la millor decisi\u00f3 dep\u00e8n de factors clau com ara el cost de la reforma, el mercat actual i les teves necessitats personals. A Immobiliaria Serra t&#039;ajudem a analitzar la teva situaci\u00f3 i trobar la soluci\u00f3 ideal.<\/p>\n\n\n\n<h2 class=\"wp-block-heading\">Factors clau per decidir<\/h2>\n\n\n\n<h3 class=\"wp-block-heading\">1. Cost de la reforma<\/h3>\n\n\n\n<p>Abans de prendre una decisi\u00f3, avalua amb cura els costos de la reforma. Alguns aspectes a considerar s\u00f3n:<\/p>\n\n\n\n<ul class=\"wp-block-list\">\n<li>Quan costar\u00e0 la renovaci\u00f3 de la teva propietat?<\/li>\n\n\n\n<li>El valor de l&#039;habitatge augmentar\u00e0 suficientment per justificar la inversi\u00f3?<\/li>\n\n\n\n<li>Hi ha problemes estructurals que podrien elevar el pressupost?<\/li>\n<\/ul>\n\n\n\n<h3 class=\"wp-block-heading\">2. Situaci\u00f3 del mercat actual<\/h3>\n\n\n\n<p>L&#039;estat del mercat immobiliari pot influir significativament a la teva decisi\u00f3. Si els preus de les propietats estan al punt m\u00e9s alt, vendre podria ser lopci\u00f3 m\u00e9s rendible. D&#039;altra banda, en un mercat estancat una reforma pot augmentar la demanda per la teva propietat.<\/p>\n\n\n\n<h3 class=\"wp-block-heading\">3. Necessitats personals<\/h3>\n\n\n\n<p>Els teus plans i prioritats tamb\u00e9 s\u00f3n importants. Reflexiona sobre:<\/p>\n\n\n\n<ul class=\"wp-block-list\">\n<li>T&#039;interessa romandre a l&#039;habitatge a llarg termini?<\/li>\n\n\n\n<li>Busques maximitzar el retorn de la inversi\u00f3?<\/li>\n\n\n\n<li>Com impactar\u00e0 la decisi\u00f3 en la teva qualitat de vida i les finances?<\/li>\n<\/ul>\n\n\n\n<p><a href=\"https:\/\/www.serra.immo\/ca\/valoracio-immobiliaria\/\"><strong><em>Consulta les nostres opcions de valoraci\u00f3<\/em><\/strong><\/a><\/p>\n\n\n\n<h2 class=\"wp-block-heading\">Com una valoraci\u00f3 professional pot orientar la decisi\u00f3<\/h2>\n\n\n\n<p>Comptar amb una valoraci\u00f3 professional \u00e9s clau per prendre una decisi\u00f3 informada. A Immobiliaria Serra realitzem una an\u00e0lisi detallada de la teva propietat i t&#039;oferim:<\/p>\n\n\n\n<ul class=\"wp-block-list\">\n<li>Una estimaci\u00f3 precisa del valor actual.<\/li>\n\n\n\n<li>Un estudi comparatiu amb propietats similars al mercat.<\/li>\n\n\n\n<li>Recomanacions sobre millores que podrien incrementar el valor.<\/li>\n<\/ul>\n\n\n\n<p>Una valoraci\u00f3 et permet entendre el potencial del teu habitatge i si val la pena invertir en una reforma o vendre-la tal com est\u00e0.<\/p>\n\n\n\n<p><a href=\"https:\/\/www.serra.immo\/ca\/valoracio-immobiliaria\/\"><strong><em>Demana una valoraci\u00f3 gratu\u00efta<\/em><\/strong><\/a><\/p>\n\n\n\n<h2 class=\"wp-block-heading\">Serveis de Serra per reformar i\/o vendre<\/h2>\n\n\n\n<p>A Inmobiliaria Serra oferim solucions integrals tant per reformar com per vendre la teva propietat:<\/p>\n\n\n\n<h3 class=\"wp-block-heading\">Reformar amb Serra<\/h3>\n\n\n\n<p>Si decideixes reformar, et connectem amb professionals de confian\u00e7a per a:<\/p>\n\n\n\n<ul class=\"wp-block-list\">\n<li>Dissenyar i executar reformes que maximitzin el valor del teu habitatge.<\/li>\n\n\n\n<li>Gestionar els permisos necessaris.<\/li>\n\n\n\n<li>Supervisar el proc\u00e9s per garantir resultats de qualitat.<\/li>\n<\/ul>\n\n\n\n<h3 class=\"wp-block-heading\">Vendre amb Serra<\/h3>\n\n\n\n<p>Si optes per vendre, el nostre equip t&#039;ajuda a:<\/p>\n\n\n\n<ul class=\"wp-block-list\">\n<li>Preparar la teva propietat per atraure compradors, incloent serveis de <strong>home staging<\/strong>.<\/li>\n\n\n\n<li>Dissenyar estrat\u00e8gies de m\u00e0rqueting efectives.<\/li>\n\n\n\n<li>Negociar el millor preu i tancar la venda r\u00e0pidament.<\/li>\n<\/ul>\n\n\n\n<p><a href=\"https:\/\/www.serra.immo\/ca\/contacte\/\"><strong><em>Descobreix com et podem ajudar<\/em><\/strong><\/a><\/p>\n\n\n\n<h2 class=\"wp-block-heading\">Conclusi\u00f3<\/h2>\n\n\n\n<p>Decidir entre reformar o vendre pot semblar un dilema, per\u00f2 amb l&#039;orientaci\u00f3 adequada pots prendre la decisi\u00f3 correcta. A Immobiliaria Serra som aqu\u00ed per assessorar-te en cada pas del cam\u00ed i ajudar-te a treure el m\u00e0xim partit a la teva propietat.<\/p>\n\n\n\n<h3 class=\"wp-block-heading\">Pren el primer pas avui mateix!<\/h3>\n\n\n\n<p>Descobriu la millor opci\u00f3 per a la vostra propietat amb l&#039;ajuda dels nostres experts.<\/p>\n\n\n\n<p><a href=\"https:\/\/www.serra.immo\/ca\/contacte\/\"><strong><em>Contacta amb nosaltres ara<\/em><\/strong><\/a><\/p>","protected":false},"excerpt":{"rendered":"<p>Cuando se trata de una propiedad, decidir entre reformarla o venderla puede ser complicado. Ambas opciones tienen pros y contras, y la mejor decisi\u00f3n depende de factores clave como el coste de la reforma, el mercado actual y tus necesidades personales. En Inmobiliaria Serra te ayudamos a analizar tu situaci\u00f3n y encontrar la soluci\u00f3n ideal. [&hellip;]<\/p>\n","protected":false},"author":3,"featured_media":1225708,"comment_status":"closed","ping_status":"open","sticky":false,"template":"","format":"standard","meta":{"footnotes":""},"categories":[1],"tags":[],"class_list":["post-1225939","post","type-post","status-publish","format-standard","has-post-thumbnail","hentry","category-informacion"],"_links":{"self":[{"href":"https:\/\/www.serra.immo\/ca\/wp-json\/wp\/v2\/posts\/1225939","targetHints":{"allow":["GET"]}}],"collection":[{"href":"https:\/\/www.serra.immo\/ca\/wp-json\/wp\/v2\/posts"}],"about":[{"href":"https:\/\/www.serra.immo\/ca\/wp-json\/wp\/v2\/types\/post"}],"author":[{"embeddable":true,"href":"https:\/\/www.serra.immo\/ca\/wp-json\/wp\/v2\/users\/3"}],"replies":[{"embeddable":true,"href":"https:\/\/www.serra.immo\/ca\/wp-json\/wp\/v2\/comments?post=1225939"}],"version-history":[{"count":1,"href":"https:\/\/www.serra.immo\/ca\/wp-json\/wp\/v2\/posts\/1225939\/revisions"}],"predecessor-version":[{"id":1225947,"href":"https:\/\/www.serra.immo\/ca\/wp-json\/wp\/v2\/posts\/1225939\/revisions\/1225947"}],"wp:featuredmedia":[{"embeddable":true,"href":"https:\/\/www.serra.immo\/ca\/wp-json\/wp\/v2\/media\/1225708"}],"wp:attachment":[{"href":"https:\/\/www.serra.immo\/ca\/wp-json\/wp\/v2\/media?parent=1225939"}],"wp:term":[{"taxonomy":"category","embeddable":true,"href":"https:\/\/www.serra.immo\/ca\/wp-json\/wp\/v2\/categories?post=1225939"},{"taxonomy":"post_tag","embeddable":true,"href":"https:\/\/www.serra.immo\/ca\/wp-json\/wp\/v2\/tags?post=1225939"}],"curies":[{"name":"wp","href":"https:\/\/api.w.org\/{rel}","templated":true}]}}