{"id":1221685,"date":"2024-11-21T09:11:32","date_gmt":"2024-11-21T08:11:32","guid":{"rendered":"https:\/\/www.serra.immo\/?p=1221685"},"modified":"2024-11-21T09:11:33","modified_gmt":"2024-11-21T08:11:33","slug":"major-projeccio-immobiliaria-garraf-i-el-penedes","status":"publish","type":"post","link":"https:\/\/www.serra.immo\/ca\/mayor-proyeccion-inmobiliaria-garraf-y-el-penedes\/","title":{"rendered":"Quines s\u00f3n les zones amb m\u00e9s projecci\u00f3 immobili\u00e0ria al Garraf i al Pened\u00e8s?"},"content":{"rendered":"<p>Si est\u00e0s pensant en comprar o invertir, te&#039;n portem una <strong>guia r\u00e0pida sobre les zones que estan destacant al mercat immobiliari al Garraf i el Pened\u00e8s<\/strong>. Totes dues tenen molt per oferir, i aqu\u00ed t&#039;expliquem per qu\u00e8 algunes \u00e0rees s\u00f3n especialment interessants.&nbsp;<\/p>\n\n\n\n<h2 class=\"wp-block-heading\">Sitges: el glamur del Garraf<\/h2>\n\n\n\n<figure class=\"wp-block-image size-large\"><img fetchpriority=\"high\" decoding=\"async\" width=\"1024\" height=\"546\" src=\"https:\/\/www.serra.immo\/wp-content\/smush-webp\/2024\/11\/proyeccion-inmobiliaria-en-el-Garraf-y-el-Penedes-3-1024x546.png.webp\" alt=\"\" class=\"wp-image-1221714\" title=\"\" srcset=\"https:\/\/www.serra.immo\/wp-content\/smush-webp\/2024\/11\/proyeccion-inmobiliaria-en-el-Garraf-y-el-Penedes-3-1024x546.png.webp 1024w, https:\/\/www.serra.immo\/wp-content\/smush-webp\/2024\/11\/proyeccion-inmobiliaria-en-el-Garraf-y-el-Penedes-3-300x160.png.webp 300w, https:\/\/www.serra.immo\/wp-content\/smush-webp\/2024\/11\/proyeccion-inmobiliaria-en-el-Garraf-y-el-Penedes-3-768x410.png.webp 768w, https:\/\/www.serra.immo\/wp-content\/smush-webp\/2024\/11\/proyeccion-inmobiliaria-en-el-Garraf-y-el-Penedes-3-18x10.png.webp 18w, https:\/\/www.serra.immo\/wp-content\/smush-webp\/2024\/11\/proyeccion-inmobiliaria-en-el-Garraf-y-el-Penedes-3-1125x600.png.webp 1125w, https:\/\/www.serra.immo\/wp-content\/smush-webp\/2024\/11\/proyeccion-inmobiliaria-en-el-Garraf-y-el-Penedes-3-496x265.png.webp 496w, https:\/\/www.serra.immo\/wp-content\/smush-webp\/2024\/11\/proyeccion-inmobiliaria-en-el-Garraf-y-el-Penedes-3.png.webp 1500w\" sizes=\"(max-width: 1024px) 100vw, 1024px\" \/><\/figure>\n\n\n\n<p>Sitges sempre \u00e9s un encert. Amb platges, cultura i una proximitat envejable a Barcelona, \u00e9s el lloc ideal si busques una segona resid\u00e8ncia o un immoble de luxe. Aqu\u00ed, la revaloraci\u00f3 est\u00e0 pr\u00e0cticament garantida.<\/p>\n\n\n\n<h2 class=\"wp-block-heading\">Vilanova i la Geltr\u00fa: creixement i oportunitats<\/h2>\n\n\n\n<figure class=\"wp-block-image size-large\"><img decoding=\"async\" width=\"1024\" height=\"546\" src=\"https:\/\/www.serra.immo\/wp-content\/smush-webp\/2024\/11\/proyeccion-inmobiliaria-en-evilanova-i-la-geltru-1-1024x546.png.webp\" alt=\"\" class=\"wp-image-1221715\" title=\"\" srcset=\"https:\/\/www.serra.immo\/wp-content\/smush-webp\/2024\/11\/proyeccion-inmobiliaria-en-evilanova-i-la-geltru-1-1024x546.png.webp 1024w, https:\/\/www.serra.immo\/wp-content\/smush-webp\/2024\/11\/proyeccion-inmobiliaria-en-evilanova-i-la-geltru-1-300x160.png.webp 300w, https:\/\/www.serra.immo\/wp-content\/smush-webp\/2024\/11\/proyeccion-inmobiliaria-en-evilanova-i-la-geltru-1-768x410.png.webp 768w, https:\/\/www.serra.immo\/wp-content\/smush-webp\/2024\/11\/proyeccion-inmobiliaria-en-evilanova-i-la-geltru-1-18x10.png.webp 18w, https:\/\/www.serra.immo\/wp-content\/smush-webp\/2024\/11\/proyeccion-inmobiliaria-en-evilanova-i-la-geltru-1-1125x600.png.webp 1125w, https:\/\/www.serra.immo\/wp-content\/smush-webp\/2024\/11\/proyeccion-inmobiliaria-en-evilanova-i-la-geltru-1-496x265.png.webp 496w, https:\/\/www.serra.immo\/wp-content\/smush-webp\/2024\/11\/proyeccion-inmobiliaria-en-evilanova-i-la-geltru-1.png.webp 1500w\" sizes=\"(max-width: 1024px) 100vw, 1024px\" \/><\/figure>\n\n\n\n<p>La germana gran del Garraf s&#039;est\u00e0 posant les piles: zones com La Plana estan vivint un auge d&#039;obra nova, i moltes fam\u00edlies troben aqu\u00ed una opci\u00f3 m\u00e9s assequible que Sitges.<\/p>\n\n\n\n<h2 class=\"wp-block-heading\">Sant Pere de Ribes: tranquil\u00b7litat estrat\u00e8gica<\/h2>\n\n\n\n<figure class=\"wp-block-image size-large\"><img decoding=\"async\" width=\"1024\" height=\"546\" src=\"https:\/\/www.serra.immo\/wp-content\/smush-webp\/2024\/11\/proyeccion-inmobiliaria-en-el-Garraf-y-el-Penedes-4-1024x546.png.webp\" alt=\"\" class=\"wp-image-1221716\" title=\"\" srcset=\"https:\/\/www.serra.immo\/wp-content\/smush-webp\/2024\/11\/proyeccion-inmobiliaria-en-el-Garraf-y-el-Penedes-4-1024x546.png.webp 1024w, https:\/\/www.serra.immo\/wp-content\/smush-webp\/2024\/11\/proyeccion-inmobiliaria-en-el-Garraf-y-el-Penedes-4-300x160.png.webp 300w, https:\/\/www.serra.immo\/wp-content\/smush-webp\/2024\/11\/proyeccion-inmobiliaria-en-el-Garraf-y-el-Penedes-4-768x410.png.webp 768w, https:\/\/www.serra.immo\/wp-content\/smush-webp\/2024\/11\/proyeccion-inmobiliaria-en-el-Garraf-y-el-Penedes-4-18x10.png.webp 18w, https:\/\/www.serra.immo\/wp-content\/smush-webp\/2024\/11\/proyeccion-inmobiliaria-en-el-Garraf-y-el-Penedes-4-1125x600.png.webp 1125w, https:\/\/www.serra.immo\/wp-content\/smush-webp\/2024\/11\/proyeccion-inmobiliaria-en-el-Garraf-y-el-Penedes-4-496x265.png.webp 496w, https:\/\/www.serra.immo\/wp-content\/smush-webp\/2024\/11\/proyeccion-inmobiliaria-en-el-Garraf-y-el-Penedes-4.png.webp 1500w\" sizes=\"(max-width: 1024px) 100vw, 1024px\" \/><\/figure>\n\n\n\n<p>Si vols desconnectar, per\u00f2 no gaire, Sant Pere de Ribes \u00e9s el teu lloc. Entre Vilanova i Sitges, aquesta zona tranquil\u00b7la est\u00e0 creixent amb obra nova i serveis que la fan cada cop m\u00e9s atractiva. Aqu\u00ed es viu relaxat, per\u00f2 a prop de tot.<\/p>\n\n\n\n<h2 class=\"wp-block-heading\">Vilafranca del Pened\u00e8s: vida amb gust de vi<\/h2>\n\n\n\n<figure class=\"wp-block-image size-large\"><img loading=\"lazy\" decoding=\"async\" width=\"1024\" height=\"546\" src=\"https:\/\/www.serra.immo\/wp-content\/smush-webp\/2024\/11\/proyeccion-inmobiliaria-en-Vilafranca-del-Penedes-1-1024x546.png.webp\" alt=\"\" class=\"wp-image-1221717\" title=\"\" srcset=\"https:\/\/www.serra.immo\/wp-content\/smush-webp\/2024\/11\/proyeccion-inmobiliaria-en-Vilafranca-del-Penedes-1-1024x546.png.webp 1024w, https:\/\/www.serra.immo\/wp-content\/smush-webp\/2024\/11\/proyeccion-inmobiliaria-en-Vilafranca-del-Penedes-1-300x160.png.webp 300w, https:\/\/www.serra.immo\/wp-content\/smush-webp\/2024\/11\/proyeccion-inmobiliaria-en-Vilafranca-del-Penedes-1-768x410.png.webp 768w, https:\/\/www.serra.immo\/wp-content\/smush-webp\/2024\/11\/proyeccion-inmobiliaria-en-Vilafranca-del-Penedes-1-18x10.png.webp 18w, https:\/\/www.serra.immo\/wp-content\/smush-webp\/2024\/11\/proyeccion-inmobiliaria-en-Vilafranca-del-Penedes-1-1125x600.png.webp 1125w, https:\/\/www.serra.immo\/wp-content\/smush-webp\/2024\/11\/proyeccion-inmobiliaria-en-Vilafranca-del-Penedes-1-496x265.png.webp 496w, https:\/\/www.serra.immo\/wp-content\/smush-webp\/2024\/11\/proyeccion-inmobiliaria-en-Vilafranca-del-Penedes-1.png.webp 1500w\" sizes=\"(max-width: 1024px) 100vw, 1024px\" \/><\/figure>\n\n\n\n<p>A Vilafranca tens qualitat de vida, bon vi i proximitat a Barcelona. Perfecte per a fam\u00edlies que busquen espai, calma i tots els serveis a m\u00e0.<\/p>\n\n\n\n<h2 class=\"wp-block-heading\">Cubells: platja i preus raonables<\/h2>\n\n\n\n<figure class=\"wp-block-image size-large\"><img loading=\"lazy\" decoding=\"async\" width=\"1024\" height=\"546\" src=\"https:\/\/www.serra.immo\/wp-content\/smush-webp\/2024\/11\/proyeccion-inmobiliaria-Cubelles-1024x546.png.webp\" alt=\"\" class=\"wp-image-1221719\" title=\"\" srcset=\"https:\/\/www.serra.immo\/wp-content\/smush-webp\/2024\/11\/proyeccion-inmobiliaria-Cubelles-1024x546.png.webp 1024w, https:\/\/www.serra.immo\/wp-content\/smush-webp\/2024\/11\/proyeccion-inmobiliaria-Cubelles-300x160.png.webp 300w, https:\/\/www.serra.immo\/wp-content\/smush-webp\/2024\/11\/proyeccion-inmobiliaria-Cubelles-768x410.png.webp 768w, https:\/\/www.serra.immo\/wp-content\/smush-webp\/2024\/11\/proyeccion-inmobiliaria-Cubelles-18x10.png.webp 18w, https:\/\/www.serra.immo\/wp-content\/smush-webp\/2024\/11\/proyeccion-inmobiliaria-Cubelles-1125x600.png.webp 1125w, https:\/\/www.serra.immo\/wp-content\/smush-webp\/2024\/11\/proyeccion-inmobiliaria-Cubelles-496x265.png.webp 496w, https:\/\/www.serra.immo\/wp-content\/smush-webp\/2024\/11\/proyeccion-inmobiliaria-Cubelles.png.webp 1500w\" sizes=\"(max-width: 1024px) 100vw, 1024px\" \/><\/figure>\n\n\n\n<p>Cubelles \u00e9s per als que volen viure a prop del mar sense hipotecar-se fins a l&#039;\u00faltim c\u00e8ntim. Amb una bona oferta dunifamiliars i apartaments, \u00e9s una zona que est\u00e0 guanyant popularitat r\u00e0pidament. Un petit tresor al Garraf.<\/p>\n\n\n\n<h2 class=\"wp-block-heading\">Aleshores quines s\u00f3n les zones amb m\u00e9s projecci\u00f3 immobili\u00e0ria al Garraf i al Pened\u00e8s?<\/h2>\n\n\n\n<p>Sigui on sigui, triar b\u00e9 \u00e9s clau. I saps quina \u00e9s la bona not\u00edcia? Que a Serra tenim l&#039;immoble que cerques a qualsevol d&#039;aquestes poblacions. Si vols <strong>comprar pis o casa al Garraf o Pened\u00e8s<\/strong> sense complicacions, nom\u00e9s ens has de contactar.<\/p>\n\n\n\n<p><\/p>","protected":false},"excerpt":{"rendered":"<p>Si est\u00e1s pensando en comprar o invertir, te traemos una gu\u00eda r\u00e1pida sobre las zonas que est\u00e1n destacando en el mercado inmobiliario en el Garraf y el Pened\u00e8s. Ambas tienen mucho que ofrecer, y aqu\u00ed te explicamos por qu\u00e9 algunas \u00e1reas son especialmente interesantes.&nbsp; Sitges: el glamour del Garraf Sitges siempre es un acierto. Con [&hellip;]<\/p>\n","protected":false},"author":3,"featured_media":1221713,"comment_status":"closed","ping_status":"open","sticky":false,"template":"","format":"standard","meta":{"footnotes":""},"categories":[1],"tags":[],"class_list":["post-1221685","post","type-post","status-publish","format-standard","has-post-thumbnail","hentry","category-informacion"],"_links":{"self":[{"href":"https:\/\/www.serra.immo\/ca\/wp-json\/wp\/v2\/posts\/1221685","targetHints":{"allow":["GET"]}}],"collection":[{"href":"https:\/\/www.serra.immo\/ca\/wp-json\/wp\/v2\/posts"}],"about":[{"href":"https:\/\/www.serra.immo\/ca\/wp-json\/wp\/v2\/types\/post"}],"author":[{"embeddable":true,"href":"https:\/\/www.serra.immo\/ca\/wp-json\/wp\/v2\/users\/3"}],"replies":[{"embeddable":true,"href":"https:\/\/www.serra.immo\/ca\/wp-json\/wp\/v2\/comments?post=1221685"}],"version-history":[{"count":2,"href":"https:\/\/www.serra.immo\/ca\/wp-json\/wp\/v2\/posts\/1221685\/revisions"}],"predecessor-version":[{"id":1221720,"href":"https:\/\/www.serra.immo\/ca\/wp-json\/wp\/v2\/posts\/1221685\/revisions\/1221720"}],"wp:featuredmedia":[{"embeddable":true,"href":"https:\/\/www.serra.immo\/ca\/wp-json\/wp\/v2\/media\/1221713"}],"wp:attachment":[{"href":"https:\/\/www.serra.immo\/ca\/wp-json\/wp\/v2\/media?parent=1221685"}],"wp:term":[{"taxonomy":"category","embeddable":true,"href":"https:\/\/www.serra.immo\/ca\/wp-json\/wp\/v2\/categories?post=1221685"},{"taxonomy":"post_tag","embeddable":true,"href":"https:\/\/www.serra.immo\/ca\/wp-json\/wp\/v2\/tags?post=1221685"}],"curies":[{"name":"wp","href":"https:\/\/api.w.org\/{rel}","templated":true}]}}